{"id":8930,"date":"2021-04-27T19:02:03","date_gmt":"2021-04-28T00:02:03","guid":{"rendered":"https:\/\/www.derechoshumanos.gob.ec\/?p=8930"},"modified":"2021-04-27T19:02:04","modified_gmt":"2021-04-28T00:02:04","slug":"la-secretaria-de-derechos-humanos-realiza-seguimiento-a-los-acuerdos-del-plan-nacional-de-prevencion-y-erradicacion-de-la-violencia-contra-las-mujeres-en-el-canton-24-de-mayo","status":"publish","type":"post","link":"https:\/\/www.ministeriodegobierno.gob.ec\/derechoshumanos\/2021\/04\/27\/la-secretaria-de-derechos-humanos-realiza-seguimiento-a-los-acuerdos-del-plan-nacional-de-prevencion-y-erradicacion-de-la-violencia-contra-las-mujeres-en-el-canton-24-de-mayo\/","title":{"rendered":"La Secretar\u00eda de Derechos Humanos realiza seguimiento a los acuerdos del Plan Nacional de Prevenci\u00f3n y Erradicaci\u00f3n de la Violencia contra las Mujeres en el cant\u00f3n 24 de Mayo"},"content":{"rendered":"\n<p class=\"wp-block-paragraph\"><strong>24\nde Mayo, Ecuador._ <\/strong>La Secretar\u00eda de Derechos Humanos (SDH) a\ntrav\u00e9s de la zona 4, realiz\u00f3 la mesa t\u00e9cnica en con el objetivo de dar\nseguimiento a los acuerdo del Plan Nacional de Prevenci\u00f3n y Erradicaci\u00f3n de la\nViolencia contra las Mujeres, en el acto virtual participaron m\u00e1s de 100\npersonas, entre ellos, representantes del Sistema de Protecci\u00f3n de Derechos.<\/p>\n\n\n\n<p class=\"wp-block-paragraph\">En esta mesa t\u00e9cnica se analizaron las\nestrategias y los ejes de acci\u00f3n, referentes a la prevenci\u00f3n, protecci\u00f3n \u2013\natenci\u00f3n y reparaci\u00f3n en coordinaci\u00f3n con las instituciones gubernamentales y\norganizaciones de la sociedad civil, en beneficio de las mujeres para prevenir\ny erradicar la violencia.<\/p>\n\n\n\n<p class=\"wp-block-paragraph\">Juan Carlos Pe\u00f1afiel, responsable\nde la zona 4, dio la bienvenida y manifest\u00f3: <em>\u201cSe pretende generar un proceso amplio de socializaci\u00f3n del Plan\nNacional para Prevenir y Erradicar la Violencia contra las Mujeres. La\ncorresponsabilidad hacia las familias, las comunidades y sociedad civil\norganizada es un imperativo sin duda alguna para revertir la desprotecci\u00f3n, la\nexclusi\u00f3n y la violencia<strong>\u201d.<\/strong><\/em><\/p>\n\n\n\n<p class=\"wp-block-paragraph\">Por su parte, Fabricio\nOrtega, miembro de la Junta Cantonal de Protecci\u00f3n de Derechos, inform\u00f3 que se\nencuentran brindando atenci\u00f3n a los casos las 24 horas del d\u00eda los 7 d\u00edas de la\nsemana y receptan la denuncia para coordinar de manera emergente atenci\u00f3n\noportuna,&nbsp; a fin de dictar&nbsp; las medidas de protecci\u00f3n correspondientes. <strong><\/strong><\/p>\n\n\n\n<p class=\"wp-block-paragraph\">En este sentido, se determinaron varios\nacuerdos en torno a los siguientes ejes:<\/p>\n\n\n\n<p class=\"wp-block-paragraph\">En el eje de prevenci\u00f3n, se\npropuso realizar capacitaci\u00f3n a v\u00edctimas de\nviolencia intrafamiliar sobre las rutas de atenci\u00f3n, seguimiento en los tr\u00e1mites y trabajo articulado con dem\u00e1s instituciones a favor de\nprevenir y erradicar la violencia contra las mujeres. <\/p>\n\n\n\n<p class=\"wp-block-paragraph\">En el eje de atenci\u00f3n\/protecci\u00f3n,\nse determin\u00f3 mejorar los tr\u00e1mites y los mecanismos de las rutas de atenci\u00f3n\nespecializadas en caso de violencia de g\u00e9nero, creaci\u00f3n de mayor n\u00famero de\ncasas de acogida y construcci\u00f3n de una base de registro de familias id\u00f3neas que\ntengan la intenci\u00f3n de acceder a la adopci\u00f3n de ni\u00f1os, ni\u00f1as y adolescentes en\ncondici\u00f3n de abandono. <\/p>\n\n\n\n<p class=\"wp-block-paragraph\">Finalmente en el eje de reparaci\u00f3n,\nse plante\u00f3 brindar talleres pr\u00e1cticos de emprendimientos\naut\u00f3nomos, construcci\u00f3n y elaboraci\u00f3n de una ordenanza municipal a favor de la\nlucha y erradicaci\u00f3n de la violencia de g\u00e9nero e implementar equipos de trabajo\nintegral capacitados con el objetivo de reparar a las v\u00edctimas de violencia. <\/p>\n\n\n\n<p class=\"wp-block-paragraph\">La Secretar\u00eda de Derechos Humanos en\ncoordinaci\u00f3n interinstitucional continuar\u00e1 gestionando acciones inmediatas para\nprevenir y erradicar la violencia.<\/p>\n\n\n\n<p class=\"wp-block-paragraph\"><strong>Para mayor\ninformaci\u00f3n <\/strong><\/p>\n\n\n\n<p class=\"wp-block-paragraph\"><strong>Direcci\u00f3n de\nComunicaci\u00f3n \u2013 Secretar\u00eda de Derechos Humanos<\/strong><\/p>\n","protected":false},"excerpt":{"rendered":"<p class=\"excerpt\">24 de Mayo, Ecuador._ La Secretar\u00eda de Derechos Humanos (SDH) a trav\u00e9s de la zona 4, realiz\u00f3 la mesa t\u00e9cnica en con el objetivo de dar seguimiento a los acuerdo del Plan Nacional de Prevenci\u00f3n y Erradicaci\u00f3n de la Violencia contra las Mujeres, en el acto virtual participaron m\u00e1s de 100 personas, entre ellos, representantes del Sistema de Protecci\u00f3n de&hellip; <a href=\"https:\/\/www.ministeriodegobierno.gob.ec\/derechoshumanos\/2021\/04\/27\/la-secretaria-de-derechos-humanos-realiza-seguimiento-a-los-acuerdos-del-plan-nacional-de-prevencion-y-erradicacion-de-la-violencia-contra-las-mujeres-en-el-canton-24-de-mayo\/\">Read more &rarr;<\/a><\/p>\n","protected":false},"author":8,"featured_media":8931,"comment_status":"closed","ping_status":"closed","sticky":false,"template":"","format":"standard","meta":{"footnotes":""},"categories":[20,5,6],"tags":[],"class_list":["post-8930","post","type-post","status-publish","format-standard","has-post-thumbnail","hentry","category-boletin-de-prensa","category-noticias","category-noticias-destacadas","xfolkentry"],"_links":{"self":[{"href":"https:\/\/www.ministeriodegobierno.gob.ec\/derechoshumanos\/wp-json\/wp\/v2\/posts\/8930","targetHints":{"allow":["GET"]}}],"collection":[{"href":"https:\/\/www.ministeriodegobierno.gob.ec\/derechoshumanos\/wp-json\/wp\/v2\/posts"}],"about":[{"href":"https:\/\/www.ministeriodegobierno.gob.ec\/derechoshumanos\/wp-json\/wp\/v2\/types\/post"}],"author":[{"embeddable":true,"href":"https:\/\/www.ministeriodegobierno.gob.ec\/derechoshumanos\/wp-json\/wp\/v2\/users\/8"}],"replies":[{"embeddable":true,"href":"https:\/\/www.ministeriodegobierno.gob.ec\/derechoshumanos\/wp-json\/wp\/v2\/comments?post=8930"}],"version-history":[{"count":1,"href":"https:\/\/www.ministeriodegobierno.gob.ec\/derechoshumanos\/wp-json\/wp\/v2\/posts\/8930\/revisions"}],"predecessor-version":[{"id":8932,"href":"https:\/\/www.ministeriodegobierno.gob.ec\/derechoshumanos\/wp-json\/wp\/v2\/posts\/8930\/revisions\/8932"}],"wp:featuredmedia":[{"embeddable":true,"href":"https:\/\/www.ministeriodegobierno.gob.ec\/derechoshumanos\/wp-json\/wp\/v2\/media\/8931"}],"wp:attachment":[{"href":"https:\/\/www.ministeriodegobierno.gob.ec\/derechoshumanos\/wp-json\/wp\/v2\/media?parent=8930"}],"wp:term":[{"taxonomy":"category","embeddable":true,"href":"https:\/\/www.ministeriodegobierno.gob.ec\/derechoshumanos\/wp-json\/wp\/v2\/categories?post=8930"},{"taxonomy":"post_tag","embeddable":true,"href":"https:\/\/www.ministeriodegobierno.gob.ec\/derechoshumanos\/wp-json\/wp\/v2\/tags?post=8930"}],"curies":[{"name":"wp","href":"https:\/\/api.w.org\/{rel}","templated":true}]}}