{"id":8933,"date":"2021-04-27T19:46:55","date_gmt":"2021-04-28T00:46:55","guid":{"rendered":"https:\/\/www.derechoshumanos.gob.ec\/?p=8933"},"modified":"2021-04-27T19:56:24","modified_gmt":"2021-04-28T00:56:24","slug":"la-secretaria-de-derechos-humanos-participo-en-el-evento-hacia-el-decenio-de-las-lenguas-indigenas-para-la-construccion-de-la-paz-y-reconciliacion","status":"publish","type":"post","link":"https:\/\/www.ministeriodegobierno.gob.ec\/derechoshumanos\/2021\/04\/27\/la-secretaria-de-derechos-humanos-participo-en-el-evento-hacia-el-decenio-de-las-lenguas-indigenas-para-la-construccion-de-la-paz-y-reconciliacion\/","title":{"rendered":"La Secretar\u00eda de Derechos Humanos particip\u00f3 en el evento \u00abHacia el Decenio de las Lenguas Ind\u00edgenas para la construcci\u00f3n de la Paz y Reconciliaci\u00f3n\u00bb"},"content":{"rendered":"\n<p class=\"has-medium-font-size wp-block-paragraph\"><strong>Quito,\nEcuador._ &nbsp;<\/strong>Luis\nMaldonado, subsecretario de Pueblos y Nacionalidades de la Secretar\u00eda de\nDerechos Humanos en representaci\u00f3n del Gobierno Nacional del Ecuador, particip\u00f3\nen el evento paralelo \u201cHacia el Decenio de las Lenguas Ind\u00edgenas para la\nconstrucci\u00f3n de la Paz y Reconciliaci\u00f3n\u201d en el marco del Vig\u00e9simo Periodo de\nSesiones del Foro Permanente para las Cuestiones Ind\u00edgenas, convocado por el\nFondo para el Desarrollo de los Pueblos Ind\u00edgenas de Am\u00e9rica Latina y el Caribe\nFILAC, el&nbsp; Gobierno del Estado\nPlurinacionalidad de Bolivia y el&nbsp; Fondo\nde las Naciones Unidas para la Infancia (UNICEF).<\/p>\n\n\n\n<p class=\"has-medium-font-size wp-block-paragraph\">Ente los objetivos\nse encuentra llamar la atenci\u00f3n sobre el riesgo de silenciamiento\nque se cierne en las lenguas ind\u00edgenas del mundo, en particular de aquellas\nhabladas en Am\u00e9rica Latina; convocar al trabajo cooperativo y solidario entre\norganizaciones ind\u00edgenas, gobiernos, instituciones acad\u00e9micas y organismos de\nla sociedad civil para detener la erosi\u00f3n de las lenguas ind\u00edgenas a fin de contribuir\na su recuperaci\u00f3n, revitalizaci\u00f3n y fortalecimiento de las mismas. <\/p>\n\n\n\n<p class=\"has-medium-font-size wp-block-paragraph\">El inicio del\nencuentro cont\u00f3 con una ceremonia de invocaci\u00f3n espiritual ind\u00edgena a cargo\nde Blanca Estela Colop Alvarado y Maya K&#8217;iche&#8217; de Guatemala, acto seguido, la presidenta del FILAC, Myrna Cunningham, el secretario t\u00e9cnico del\nFILAC, Gabriel Muyuy, la viceministra de cultura del Per\u00fa, Angela Acevedo y Luis\nEnrique L\u00f3pez, asesor de FILAC en temas de Educaci\u00f3n Intercultural Biling\u00fce, &nbsp;destacaron desde diversas perspectivas la\nurgencia de trabajar hacia la sostenibilidad y&nbsp;\nrevitalizaci\u00f3n de las lenguas ind\u00edgenas y la importancia de la reciente\ncreaci\u00f3n del Instituto Iberoamericano de las Lenguas Ind\u00edgenas (IIALI).<\/p>\n\n\n\n<p class=\"has-medium-font-size wp-block-paragraph\">En este sentido,\nMyrna Cunningham, presidenta de FILAC, mencion\u00f3 la importancia de este evento\npor lo que recalc\u00f3: <em>\u201cTenemos una tarea\nfundamental, ya que nos involucramos en la sistematizaci\u00f3n de experiencias, la\nparticipaci\u00f3n global y los importantes pasos que estamos dando para el decenio\nde las lenguas ind\u00edgenas\u201d.<\/em> <\/p>\n\n\n\n<p class=\"has-medium-font-size wp-block-paragraph\">Por su parte, Luis Maldonado, subsecretario\nde Pueblos y Nacionalidades, mencion\u00f3 <em>\u201c<\/em><em>Nuestras lenguas est\u00e1n en proceso\nde extinci\u00f3n, por ello, debemos generar alianzas para impulsar un proceso de\nrehabilitaci\u00f3n\u201d.<\/em> <\/p>\n\n\n\n<p class=\"has-medium-font-size wp-block-paragraph\">As\u00ed mismo, se desarroll\u00f3 el panel denominado \u201cBuenas pr\u00e1cticas de uso p\u00fablico, recuperaci\u00f3n y revitalizaci\u00f3n de lenguas\noriginarias\u201d donde participaron Freddy Mamani, viceministro de Relaciones\nExteriores del Estado Plurinacional de Bolivia; Ladislaa Alcaraz de Silvero,\nministra-secretaria ejecutiva de Pol\u00edticas Ling\u00fc\u00edsticas de Paraguay; Mart\u00edn\nRivero, secretaria general iberoamericana (SEGIB); Pacha Kanchay, representante\nde Juventud ONIC Red de J\u00f3venes; Irma Pineda, experta independiente del Foro\nPermanente para las Cuestiones Ind\u00edgenas, quienes\ndestacaron las buenas pr\u00e1cticas y pol\u00edticas p\u00fablicas en defensa de las lenguas\nind\u00edgenas que vienen desarrollando en los diversos pa\u00edses.&nbsp; <\/p>\n\n\n\n<p class=\"has-medium-font-size wp-block-paragraph\">El secretario t\u00e9cnico del FILAC, Gabriel Muyuy,\ndestac\u00f3 las principales conclusiones del encuentro, donde mencion\u00f3 la importancia\ndel trabajo articulado; el Decenio de las Lenguas Ind\u00edgenas como oportunidad\npara avanzar desde la regi\u00f3n; el Trabajo conjunto de los gobiernos para la\ngesti\u00f3n permanente y la importancia de liderar procesos desde los actores\npol\u00edticos que son los pueblos ind\u00edgenas, en este sentido finaliz\u00f3 con la frase <em>\u201cQue ni una lengua desaparezca en este\ndecenio\u201d.<\/em><\/p>\n\n\n\n<p class=\"wp-block-paragraph\"><strong>Para mayor\ninformaci\u00f3n <\/strong><\/p>\n\n\n\n<p class=\"wp-block-paragraph\"><strong>Direcci\u00f3n de\nComunicaci\u00f3n \u2013 Secretar\u00eda de Derechos Humanos<\/strong><\/p>\n","protected":false},"excerpt":{"rendered":"<p class=\"excerpt\">Quito, Ecuador._ &nbsp;Luis Maldonado, subsecretario de Pueblos y Nacionalidades de la Secretar\u00eda de Derechos Humanos en representaci\u00f3n del Gobierno Nacional del Ecuador, particip\u00f3 en el evento paralelo \u201cHacia el Decenio de las Lenguas Ind\u00edgenas para la construcci\u00f3n de la Paz y Reconciliaci\u00f3n\u201d en el marco del Vig\u00e9simo Periodo de Sesiones del Foro Permanente para las Cuestiones Ind\u00edgenas, convocado por el&hellip; <a href=\"https:\/\/www.ministeriodegobierno.gob.ec\/derechoshumanos\/2021\/04\/27\/la-secretaria-de-derechos-humanos-participo-en-el-evento-hacia-el-decenio-de-las-lenguas-indigenas-para-la-construccion-de-la-paz-y-reconciliacion\/\">Read more &rarr;<\/a><\/p>\n","protected":false},"author":8,"featured_media":8934,"comment_status":"closed","ping_status":"closed","sticky":false,"template":"","format":"standard","meta":{"footnotes":""},"categories":[20,5,6],"tags":[],"class_list":["post-8933","post","type-post","status-publish","format-standard","has-post-thumbnail","hentry","category-boletin-de-prensa","category-noticias","category-noticias-destacadas","xfolkentry"],"_links":{"self":[{"href":"https:\/\/www.ministeriodegobierno.gob.ec\/derechoshumanos\/wp-json\/wp\/v2\/posts\/8933","targetHints":{"allow":["GET"]}}],"collection":[{"href":"https:\/\/www.ministeriodegobierno.gob.ec\/derechoshumanos\/wp-json\/wp\/v2\/posts"}],"about":[{"href":"https:\/\/www.ministeriodegobierno.gob.ec\/derechoshumanos\/wp-json\/wp\/v2\/types\/post"}],"author":[{"embeddable":true,"href":"https:\/\/www.ministeriodegobierno.gob.ec\/derechoshumanos\/wp-json\/wp\/v2\/users\/8"}],"replies":[{"embeddable":true,"href":"https:\/\/www.ministeriodegobierno.gob.ec\/derechoshumanos\/wp-json\/wp\/v2\/comments?post=8933"}],"version-history":[{"count":5,"href":"https:\/\/www.ministeriodegobierno.gob.ec\/derechoshumanos\/wp-json\/wp\/v2\/posts\/8933\/revisions"}],"predecessor-version":[{"id":8943,"href":"https:\/\/www.ministeriodegobierno.gob.ec\/derechoshumanos\/wp-json\/wp\/v2\/posts\/8933\/revisions\/8943"}],"wp:featuredmedia":[{"embeddable":true,"href":"https:\/\/www.ministeriodegobierno.gob.ec\/derechoshumanos\/wp-json\/wp\/v2\/media\/8934"}],"wp:attachment":[{"href":"https:\/\/www.ministeriodegobierno.gob.ec\/derechoshumanos\/wp-json\/wp\/v2\/media?parent=8933"}],"wp:term":[{"taxonomy":"category","embeddable":true,"href":"https:\/\/www.ministeriodegobierno.gob.ec\/derechoshumanos\/wp-json\/wp\/v2\/categories?post=8933"},{"taxonomy":"post_tag","embeddable":true,"href":"https:\/\/www.ministeriodegobierno.gob.ec\/derechoshumanos\/wp-json\/wp\/v2\/tags?post=8933"}],"curies":[{"name":"wp","href":"https:\/\/api.w.org\/{rel}","templated":true}]}}