{"id":8955,"date":"2021-04-28T19:13:34","date_gmt":"2021-04-29T00:13:34","guid":{"rendered":"https:\/\/www.derechoshumanos.gob.ec\/?p=8955"},"modified":"2021-04-29T12:01:04","modified_gmt":"2021-04-29T17:01:04","slug":"la-secretaria-de-derechos-humanos-suscribio-convenio-con-la-fundacion-para-la-rehabilitacion-integral-de-victimas-de-violencia-priva","status":"publish","type":"post","link":"https:\/\/www.ministeriodegobierno.gob.ec\/derechoshumanos\/2021\/04\/28\/la-secretaria-de-derechos-humanos-suscribio-convenio-con-la-fundacion-para-la-rehabilitacion-integral-de-victimas-de-violencia-priva\/","title":{"rendered":"La Secretar\u00eda de Derechos Humanos suscribi\u00f3 convenio con la Fundaci\u00f3n para la Rehabilitaci\u00f3n Integral de V\u00edctimas de Violencia \u00abPRIVA\u201d"},"content":{"rendered":"\n<p class=\"wp-block-paragraph\"><strong>Quito, Ecuador._ <\/strong>Cecilia\nChac\u00f3n, secretaria de Derechos Humanos y Yadira Narv\u00e1ez, directora ejecutiva de\nla Fundaci\u00f3n para la Rehabilitaci\u00f3n Integral de V\u00edctimas de Violencia\n\u00abPRIVA\u201d, suscribieron un convenio de cooperaci\u00f3n interinstitucional con el\nobjeto de articular acciones que favorezcan el ejercicio pleno de los derechos\ncon \u00e9nfasis particular en el intercambio de conocimientos, capacitaciones y\ndifusi\u00f3n de experiencias, de acuerdo a las competencias. <\/p>\n\n\n\n<p class=\"wp-block-paragraph\">La Secretaria de\nDerechos Humanos, mencion\u00f3 que trabajar con PRIVA en\nconjunto con la Universidad Central del Ecuador, &nbsp;permiti\u00f3 realizar aportes importantes para la\nprevenci\u00f3n y erradicaci\u00f3n de la violencia intrafamiliar. <strong><em>\u201cDebemos seguir trabajando en\ncantones y territorios que requieren el apoyo de manos amigas, me congratulo de\ncontar con este proyecto; hoy actualizamos este convenio para el beneficio de\nlas mujeres\u201d,<\/em><\/strong> recalc\u00f3 Chac\u00f3n. <\/p>\n\n\n\n<p class=\"wp-block-paragraph\">En\neste sentido, Yadira Narv\u00e1ez, directora ejecutiva de&nbsp; \u201cPRIVA\u201d, mencion\u00f3 que se deben seguir\ncoordinando acciones, esfuerzos y trabajo para erradicar la violencia contra las\nmujeres y adem\u00e1s recalc\u00f3 que este convenio permitir\u00e1 trabajar de manera\nsostenida para disminuir esta problem\u00e1tica. <\/p>\n\n\n\n<p class=\"wp-block-paragraph\">El\nplazo de vigencia de los compromisos establecidos en el presente convenio ser\u00e1\nhasta el 15 de abril del 2022, pudiendo ser renovado por acuerdo mutuo entre\nlas partes.<\/p>\n\n\n\n<p class=\"wp-block-paragraph\"><strong>Para mayor\ninformaci\u00f3n <\/strong><\/p>\n\n\n\n<p class=\"wp-block-paragraph\"><strong>Direcci\u00f3n de\nComunicaci\u00f3n \u2013 Secretar\u00eda de Derechos Humanos<\/strong><\/p>\n","protected":false},"excerpt":{"rendered":"<p class=\"excerpt\">Quito, Ecuador._ Cecilia Chac\u00f3n, secretaria de Derechos Humanos y Yadira Narv\u00e1ez, directora ejecutiva de la Fundaci\u00f3n para la Rehabilitaci\u00f3n Integral de V\u00edctimas de Violencia \u00abPRIVA\u201d, suscribieron un convenio de cooperaci\u00f3n interinstitucional con el objeto de articular acciones que favorezcan el ejercicio pleno de los derechos con \u00e9nfasis particular en el intercambio de conocimientos, capacitaciones y difusi\u00f3n de experiencias, de acuerdo&hellip; <a href=\"https:\/\/www.ministeriodegobierno.gob.ec\/derechoshumanos\/2021\/04\/28\/la-secretaria-de-derechos-humanos-suscribio-convenio-con-la-fundacion-para-la-rehabilitacion-integral-de-victimas-de-violencia-priva\/\">Read more &rarr;<\/a><\/p>\n","protected":false},"author":8,"featured_media":8958,"comment_status":"closed","ping_status":"closed","sticky":false,"template":"","format":"standard","meta":{"footnotes":""},"categories":[20,5,6],"tags":[],"class_list":["post-8955","post","type-post","status-publish","format-standard","has-post-thumbnail","hentry","category-boletin-de-prensa","category-noticias","category-noticias-destacadas","xfolkentry"],"_links":{"self":[{"href":"https:\/\/www.ministeriodegobierno.gob.ec\/derechoshumanos\/wp-json\/wp\/v2\/posts\/8955","targetHints":{"allow":["GET"]}}],"collection":[{"href":"https:\/\/www.ministeriodegobierno.gob.ec\/derechoshumanos\/wp-json\/wp\/v2\/posts"}],"about":[{"href":"https:\/\/www.ministeriodegobierno.gob.ec\/derechoshumanos\/wp-json\/wp\/v2\/types\/post"}],"author":[{"embeddable":true,"href":"https:\/\/www.ministeriodegobierno.gob.ec\/derechoshumanos\/wp-json\/wp\/v2\/users\/8"}],"replies":[{"embeddable":true,"href":"https:\/\/www.ministeriodegobierno.gob.ec\/derechoshumanos\/wp-json\/wp\/v2\/comments?post=8955"}],"version-history":[{"count":1,"href":"https:\/\/www.ministeriodegobierno.gob.ec\/derechoshumanos\/wp-json\/wp\/v2\/posts\/8955\/revisions"}],"predecessor-version":[{"id":8957,"href":"https:\/\/www.ministeriodegobierno.gob.ec\/derechoshumanos\/wp-json\/wp\/v2\/posts\/8955\/revisions\/8957"}],"wp:featuredmedia":[{"embeddable":true,"href":"https:\/\/www.ministeriodegobierno.gob.ec\/derechoshumanos\/wp-json\/wp\/v2\/media\/8958"}],"wp:attachment":[{"href":"https:\/\/www.ministeriodegobierno.gob.ec\/derechoshumanos\/wp-json\/wp\/v2\/media?parent=8955"}],"wp:term":[{"taxonomy":"category","embeddable":true,"href":"https:\/\/www.ministeriodegobierno.gob.ec\/derechoshumanos\/wp-json\/wp\/v2\/categories?post=8955"},{"taxonomy":"post_tag","embeddable":true,"href":"https:\/\/www.ministeriodegobierno.gob.ec\/derechoshumanos\/wp-json\/wp\/v2\/tags?post=8955"}],"curies":[{"name":"wp","href":"https:\/\/api.w.org\/{rel}","templated":true}]}}