{"id":8959,"date":"2021-04-29T12:08:35","date_gmt":"2021-04-29T17:08:35","guid":{"rendered":"https:\/\/www.derechoshumanos.gob.ec\/?p=8959"},"modified":"2021-04-29T12:08:36","modified_gmt":"2021-04-29T17:08:36","slug":"subsecretario-de-nacionalidades-pueblos-y-movimientos-sociales-participo-representando-a-ecuador-en-el-foro-permanente-para-las-cuestiones-indigenas","status":"publish","type":"post","link":"https:\/\/www.ministeriodegobierno.gob.ec\/derechoshumanos\/2021\/04\/29\/subsecretario-de-nacionalidades-pueblos-y-movimientos-sociales-participo-representando-a-ecuador-en-el-foro-permanente-para-las-cuestiones-indigenas\/","title":{"rendered":"Subsecretario de Nacionalidades, Pueblos y Movimientos Sociales particip\u00f3 representando a Ecuador en el Foro Permanente para las Cuestiones Ind\u00edgenas"},"content":{"rendered":"\n<p class=\"wp-block-paragraph\"><\/p>\n\n\n\n<p class=\"wp-block-paragraph\"><strong>Quito, Ecuador.- <\/strong>Luis Maldonado, subsecretario de Nacionalidades, Pueblos y Movimientos Sociales, particip\u00f3 representando a Ecuador en el Foro Permanente para las Cuestiones Ind\u00edgenas, en su 20\u00ba per\u00edodo de sesiones preparado por la Subdivisi\u00f3n de Pueblos Ind\u00edgenas y Desarrollo de la Divisi\u00f3n de Desarrollo Social Inclusivo del Departamento de Asuntos Econ\u00f3micos y Sociales de la Organizaci\u00f3n de Naciones Unidas. <\/p>\n\n\n\n<p class=\"wp-block-paragraph\">El Subsecretario en su presentaci\u00f3n se refiri\u00f3 a\nlos derechos de los pueblos ind\u00edgenas en nuestro pa\u00eds, se\u00f1alando: <strong><em>\u201cEl Ecuador cuenta con una de las Constituciones m\u00e1s garantistas de la\nregi\u00f3n en t\u00e9rminos de derechos colectivos. El 21 % de la poblaci\u00f3n ecuatoriana\nla conforman las nacionalidades ind\u00edgenas, los pueblos afroecuatoriano y&nbsp; montubio\u201d.<\/em><\/strong> <\/p>\n\n\n\n<p class=\"wp-block-paragraph\">Adem\u00e1s, en su intervenci\u00f3n explic\u00f3 que la\nSecretar\u00eda de Derechos Humanos, ha implementado pol\u00edticas, planes, programas y\nproyectos para estos pueblos, <strong><em>\u201cse han articulado acciones con las\ninstituciones p\u00fablicas para atender la pandemia por el COVID 19 y conjuntamente\ncon el Ministerio de Salud se han impulsado actividades y protocolos de\nprevenci\u00f3n y control de la pandemia con enfoque intercultural\u201d<\/em><\/strong>, indic\u00f3. <\/p>\n\n\n\n<p class=\"wp-block-paragraph\">Luis Maldonado en su participaci\u00f3n tambi\u00e9n recalc\u00f3\nque se ha trabajado en pol\u00edticas p\u00fablicas en educaci\u00f3n intercultural, salud y\neconom\u00edas comunitarias, y se\u00f1al\u00f3 que a pesar de que se han desarrollado varias\nacciones <strong><em>\u201clas brechas de desigualdad contin\u00faan siendo\nenormes, evidenci\u00e1ndose m\u00e1s a\u00fan con la pandemia\u201d.<\/em><\/strong><\/p>\n\n\n\n<p class=\"wp-block-paragraph\">Por \u00faltimo, mencion\u00f3 que el nuevo gobierno tiene\nretos enormes para responder con pol\u00edticas y mecanismos concretos en el\nejercicio de derechos colectivos, as\u00ed como las demandas hist\u00f3ricas\nestructurales que plantean las nacionalidades y pueblos del Ecuador. <\/p>\n","protected":false},"excerpt":{"rendered":"<p class=\"excerpt\">Quito, Ecuador.- Luis Maldonado, subsecretario de Nacionalidades, Pueblos y Movimientos Sociales, particip\u00f3 representando a Ecuador en el Foro Permanente para las Cuestiones Ind\u00edgenas, en su 20\u00ba per\u00edodo de sesiones preparado por la Subdivisi\u00f3n de Pueblos Ind\u00edgenas y Desarrollo de la Divisi\u00f3n de Desarrollo Social Inclusivo del Departamento de Asuntos Econ\u00f3micos y Sociales de la Organizaci\u00f3n de Naciones Unidas. El Subsecretario&hellip; <a href=\"https:\/\/www.ministeriodegobierno.gob.ec\/derechoshumanos\/2021\/04\/29\/subsecretario-de-nacionalidades-pueblos-y-movimientos-sociales-participo-representando-a-ecuador-en-el-foro-permanente-para-las-cuestiones-indigenas\/\">Read more &rarr;<\/a><\/p>\n","protected":false},"author":6,"featured_media":8960,"comment_status":"closed","ping_status":"closed","sticky":false,"template":"","format":"standard","meta":{"footnotes":""},"categories":[20,5,6],"tags":[],"class_list":["post-8959","post","type-post","status-publish","format-standard","has-post-thumbnail","hentry","category-boletin-de-prensa","category-noticias","category-noticias-destacadas","xfolkentry"],"_links":{"self":[{"href":"https:\/\/www.ministeriodegobierno.gob.ec\/derechoshumanos\/wp-json\/wp\/v2\/posts\/8959","targetHints":{"allow":["GET"]}}],"collection":[{"href":"https:\/\/www.ministeriodegobierno.gob.ec\/derechoshumanos\/wp-json\/wp\/v2\/posts"}],"about":[{"href":"https:\/\/www.ministeriodegobierno.gob.ec\/derechoshumanos\/wp-json\/wp\/v2\/types\/post"}],"author":[{"embeddable":true,"href":"https:\/\/www.ministeriodegobierno.gob.ec\/derechoshumanos\/wp-json\/wp\/v2\/users\/6"}],"replies":[{"embeddable":true,"href":"https:\/\/www.ministeriodegobierno.gob.ec\/derechoshumanos\/wp-json\/wp\/v2\/comments?post=8959"}],"version-history":[{"count":1,"href":"https:\/\/www.ministeriodegobierno.gob.ec\/derechoshumanos\/wp-json\/wp\/v2\/posts\/8959\/revisions"}],"predecessor-version":[{"id":8961,"href":"https:\/\/www.ministeriodegobierno.gob.ec\/derechoshumanos\/wp-json\/wp\/v2\/posts\/8959\/revisions\/8961"}],"wp:featuredmedia":[{"embeddable":true,"href":"https:\/\/www.ministeriodegobierno.gob.ec\/derechoshumanos\/wp-json\/wp\/v2\/media\/8960"}],"wp:attachment":[{"href":"https:\/\/www.ministeriodegobierno.gob.ec\/derechoshumanos\/wp-json\/wp\/v2\/media?parent=8959"}],"wp:term":[{"taxonomy":"category","embeddable":true,"href":"https:\/\/www.ministeriodegobierno.gob.ec\/derechoshumanos\/wp-json\/wp\/v2\/categories?post=8959"},{"taxonomy":"post_tag","embeddable":true,"href":"https:\/\/www.ministeriodegobierno.gob.ec\/derechoshumanos\/wp-json\/wp\/v2\/tags?post=8959"}],"curies":[{"name":"wp","href":"https:\/\/api.w.org\/{rel}","templated":true}]}}