{"id":8962,"date":"2021-04-29T19:24:36","date_gmt":"2021-04-30T00:24:36","guid":{"rendered":"https:\/\/www.derechoshumanos.gob.ec\/?p=8962"},"modified":"2021-05-03T17:25:10","modified_gmt":"2021-05-03T22:25:10","slug":"la-secretaria-de-derechos-humanos-y-fundacion-esquel-suscribieron-carta-compromiso-para-trabajo-conjunto-para-contribuir-a-la-consolidacion-de-la-paz-y-la-democracia-en-el-ecuador","status":"publish","type":"post","link":"https:\/\/www.ministeriodegobierno.gob.ec\/derechoshumanos\/2021\/04\/29\/la-secretaria-de-derechos-humanos-y-fundacion-esquel-suscribieron-carta-compromiso-para-trabajo-conjunto-para-contribuir-a-la-consolidacion-de-la-paz-y-la-democracia-en-el-ecuador\/","title":{"rendered":"La Secretar\u00eda de Derechos Humanos y Fundaci\u00f3n Esquel suscribieron Carta Compromiso para trabajo conjunto para contribuir a la consolidaci\u00f3n de la paz y la democracia en el Ecuador"},"content":{"rendered":"\n<p class=\"wp-block-paragraph\"><\/p>\n\n\n\n<p class=\"wp-block-paragraph\"><strong>Quito, Ecuador.-&nbsp; <\/strong>Cecilia\nChac\u00f3n, secretaria de Derechos Humanos y Humberto Salazar, director ejecutivo\nde la Fundaci\u00f3n Esquel suscribieron Carta Compromiso para gestionar&nbsp; conjuntamente&nbsp;\nel&nbsp; proyecto&nbsp; \u201cProceso&nbsp;\nde&nbsp; Di\u00e1logo&nbsp; Nacional,&nbsp;\nUn&nbsp; pacto&nbsp; por&nbsp;\nel&nbsp; ma\u00f1ana\u201d,&nbsp; para&nbsp;\ncontribuir a la consolidaci\u00f3n de la paz y la democracia en el Ecuador a\ntrav\u00e9s de un proceso de di\u00e1logo multisectorial a nivel nacional, sobre temas\nurgentes e importantes,&nbsp;&nbsp; con la participaci\u00f3n\nde actores sociales y pol\u00edticos, especialmente j\u00f3venes, mujeres y l\u00edderes\nind\u00edgenas.<\/p>\n\n\n\n<p class=\"wp-block-paragraph\">Al respecto la m\u00e1xima autoridad de esta cartera de\nEstado manifest\u00f3 su agradecimiento y reconocimiento a la Fundaci\u00f3n por sus m\u00e1s\nde 30 a\u00f1os de gesti\u00f3n que contribuye al mejoramiento de la calidad de vida de\nlos pobres y a la construcci\u00f3n de una sociedad democr\u00e1tica, responsable y\nsolidaria, y se\u00f1al\u00f3: <strong><em>\u201cplasmar este ejercicio a trav\u00e9s de un convenio nos permite\ndisfrutar,&nbsp; en sentido positivo,&nbsp; para contribuir a la consolidaci\u00f3n de la paz\ny la democracia en el Ecuador\u201d.<\/em><\/strong><\/p>\n\n\n\n<p class=\"wp-block-paragraph\">Por su parte Humberto Salazar, mencion\u00f3 la importancia\ndel di\u00e1logo para el desarrollo de la sociedad, <strong><em>\u201cel Proceso de Di\u00e1logo Nacional, Un pacto por\nel ma\u00f1ana, busca contribuir a la consolidaci\u00f3n de la paz y la democracia en el\nEcuador a trav\u00e9s de un proceso de di\u00e1logo multisectorial a nivel nacional\u201d<\/em><\/strong>, indic\u00f3.<\/p>\n\n\n\n<p class=\"wp-block-paragraph\">Este acuerdo tendr\u00e1 un plazo de duraci\u00f3n de dos a\u00f1os\ny se renovar\u00e1 de manera autom\u00e1tica si las partes no expresan lo contrario.<\/p>\n","protected":false},"excerpt":{"rendered":"<p class=\"excerpt\">Quito, Ecuador.-&nbsp; Cecilia Chac\u00f3n, secretaria de Derechos Humanos y Humberto Salazar, director ejecutivo de la Fundaci\u00f3n Esquel suscribieron Carta Compromiso para gestionar&nbsp; conjuntamente&nbsp; el&nbsp; proyecto&nbsp; \u201cProceso&nbsp; de&nbsp; Di\u00e1logo&nbsp; Nacional,&nbsp; Un&nbsp; pacto&nbsp; por&nbsp; el&nbsp; ma\u00f1ana\u201d,&nbsp; para&nbsp; contribuir a la consolidaci\u00f3n de la paz y la democracia en el Ecuador a trav\u00e9s de un proceso de di\u00e1logo multisectorial a nivel nacional, sobre&hellip; <a href=\"https:\/\/www.ministeriodegobierno.gob.ec\/derechoshumanos\/2021\/04\/29\/la-secretaria-de-derechos-humanos-y-fundacion-esquel-suscribieron-carta-compromiso-para-trabajo-conjunto-para-contribuir-a-la-consolidacion-de-la-paz-y-la-democracia-en-el-ecuador\/\">Read more &rarr;<\/a><\/p>\n","protected":false},"author":6,"featured_media":8963,"comment_status":"closed","ping_status":"closed","sticky":false,"template":"","format":"standard","meta":{"footnotes":""},"categories":[20,5,6],"tags":[],"class_list":["post-8962","post","type-post","status-publish","format-standard","has-post-thumbnail","hentry","category-boletin-de-prensa","category-noticias","category-noticias-destacadas","xfolkentry"],"_links":{"self":[{"href":"https:\/\/www.ministeriodegobierno.gob.ec\/derechoshumanos\/wp-json\/wp\/v2\/posts\/8962","targetHints":{"allow":["GET"]}}],"collection":[{"href":"https:\/\/www.ministeriodegobierno.gob.ec\/derechoshumanos\/wp-json\/wp\/v2\/posts"}],"about":[{"href":"https:\/\/www.ministeriodegobierno.gob.ec\/derechoshumanos\/wp-json\/wp\/v2\/types\/post"}],"author":[{"embeddable":true,"href":"https:\/\/www.ministeriodegobierno.gob.ec\/derechoshumanos\/wp-json\/wp\/v2\/users\/6"}],"replies":[{"embeddable":true,"href":"https:\/\/www.ministeriodegobierno.gob.ec\/derechoshumanos\/wp-json\/wp\/v2\/comments?post=8962"}],"version-history":[{"count":1,"href":"https:\/\/www.ministeriodegobierno.gob.ec\/derechoshumanos\/wp-json\/wp\/v2\/posts\/8962\/revisions"}],"predecessor-version":[{"id":8964,"href":"https:\/\/www.ministeriodegobierno.gob.ec\/derechoshumanos\/wp-json\/wp\/v2\/posts\/8962\/revisions\/8964"}],"wp:featuredmedia":[{"embeddable":true,"href":"https:\/\/www.ministeriodegobierno.gob.ec\/derechoshumanos\/wp-json\/wp\/v2\/media\/8963"}],"wp:attachment":[{"href":"https:\/\/www.ministeriodegobierno.gob.ec\/derechoshumanos\/wp-json\/wp\/v2\/media?parent=8962"}],"wp:term":[{"taxonomy":"category","embeddable":true,"href":"https:\/\/www.ministeriodegobierno.gob.ec\/derechoshumanos\/wp-json\/wp\/v2\/categories?post=8962"},{"taxonomy":"post_tag","embeddable":true,"href":"https:\/\/www.ministeriodegobierno.gob.ec\/derechoshumanos\/wp-json\/wp\/v2\/tags?post=8962"}],"curies":[{"name":"wp","href":"https:\/\/api.w.org\/{rel}","templated":true}]}}