{"id":8965,"date":"2021-05-03T17:33:38","date_gmt":"2021-05-03T22:33:38","guid":{"rendered":"https:\/\/www.derechoshumanos.gob.ec\/?p=8965"},"modified":"2021-05-03T17:33:40","modified_gmt":"2021-05-03T22:33:40","slug":"la-secretaria-de-derechos-humanos-realizo-abordaje-integral-a-adolescente-victima-de-posible-trata-de-personas-en-loja","status":"publish","type":"post","link":"https:\/\/www.ministeriodegobierno.gob.ec\/derechoshumanos\/2021\/05\/03\/la-secretaria-de-derechos-humanos-realizo-abordaje-integral-a-adolescente-victima-de-posible-trata-de-personas-en-loja\/","title":{"rendered":"La Secretar\u00eda de Derechos Humanos realiz\u00f3 abordaje integral a adolescente v\u00edctima de posible trata de personas en Loja"},"content":{"rendered":"\n<p class=\"wp-block-paragraph\"><\/p>\n\n\n\n<p class=\"wp-block-paragraph\"><strong>Loja, Ecuador.-&nbsp; <\/strong>La Secretar\u00eda de Derechos Humanos a trav\u00e9s del\nServicio de Protecci\u00f3n Integral de Loja, realiz\u00f3 intervenci\u00f3n integral, en caso\nde adolescente de 17 a\u00f1os v\u00edctima de posible trata y tr\u00e1fico de personas con\nfines de explotaci\u00f3n sexual.<\/p>\n\n\n\n<p class=\"wp-block-paragraph\">El caso fue alertado desde Ministerio de Gobierno,\ndebido a que existi\u00f3 una alarma de la Polic\u00eda Nacional, entidad que rescat\u00f3 al\njoven, qui\u00e9n se dedicaba a la prostituci\u00f3n en la ciudad de Machala, acto que\nera influenciado por su progenitora.<\/p>\n\n\n\n<p class=\"wp-block-paragraph\">Al ser un caso de atenci\u00f3n prioritaria, se activ\u00f3 el\nSistema Nacional de Prevenci\u00f3n y Erradicaci\u00f3n de la Violencia, de acuerdo a sus\ncompetencias legales y servicios institucionales, a fin de brindar la atenci\u00f3n\ny seguimiento necesario. Cabe indicar que en este caso existe un proceso judicial\nen la provincia de El Oro, el cual guarda estricta confidencialidad; adem\u00e1s la\nautoridad competente&nbsp; emiti\u00f3 las medidas\nde protecci\u00f3n inmediatas que el adolescente requer\u00eda para as\u00ed salvaguardar su\nintegridad f\u00edsica, emocional y sexual, es por eso que se encuentra bajo\nacogimiento institucional, en otra provincia. Una vez emitidas las versiones\ncorrespondientes en el caso, se dispondr\u00e1 la atenci\u00f3n individualizada al\nadolescente.<\/p>\n\n\n\n<p class=\"wp-block-paragraph\">Finalmente, M\u00f3nica Fierro Montalvo, coordinadora de\nla Oficina T\u00e9cnica zona 7, manifest\u00f3: <strong><em>\u201cla Secretar\u00eda de Derechos Humanos, a trav\u00e9s de los Servicios de Protecci\u00f3n\nIntegral de la Zona 7, &nbsp;realiza un\ntrabajo articulado entre equipos de cada provincia, de esta manera se brinda\nuna atenci\u00f3n oportuna a cada uno de los usuarios, espec\u00edficamente en este caso\nse respeta el debido proceso, sin embargo esta instituci\u00f3n dar\u00e1 el seguimiento\nnecesario con el objetivo de salvaguardar la integridad del adolescente\u201d.<\/em><\/strong><\/p>\n","protected":false},"excerpt":{"rendered":"<p class=\"excerpt\">Loja, Ecuador.-&nbsp; La Secretar\u00eda de Derechos Humanos a trav\u00e9s del Servicio de Protecci\u00f3n Integral de Loja, realiz\u00f3 intervenci\u00f3n integral, en caso de adolescente de 17 a\u00f1os v\u00edctima de posible trata y tr\u00e1fico de personas con fines de explotaci\u00f3n sexual. El caso fue alertado desde Ministerio de Gobierno, debido a que existi\u00f3 una alarma de la Polic\u00eda Nacional, entidad que rescat\u00f3&hellip; <a href=\"https:\/\/www.ministeriodegobierno.gob.ec\/derechoshumanos\/2021\/05\/03\/la-secretaria-de-derechos-humanos-realizo-abordaje-integral-a-adolescente-victima-de-posible-trata-de-personas-en-loja\/\">Read more &rarr;<\/a><\/p>\n","protected":false},"author":6,"featured_media":8311,"comment_status":"closed","ping_status":"closed","sticky":false,"template":"","format":"standard","meta":{"footnotes":""},"categories":[20,5,6],"tags":[],"class_list":["post-8965","post","type-post","status-publish","format-standard","has-post-thumbnail","hentry","category-boletin-de-prensa","category-noticias","category-noticias-destacadas","xfolkentry"],"_links":{"self":[{"href":"https:\/\/www.ministeriodegobierno.gob.ec\/derechoshumanos\/wp-json\/wp\/v2\/posts\/8965","targetHints":{"allow":["GET"]}}],"collection":[{"href":"https:\/\/www.ministeriodegobierno.gob.ec\/derechoshumanos\/wp-json\/wp\/v2\/posts"}],"about":[{"href":"https:\/\/www.ministeriodegobierno.gob.ec\/derechoshumanos\/wp-json\/wp\/v2\/types\/post"}],"author":[{"embeddable":true,"href":"https:\/\/www.ministeriodegobierno.gob.ec\/derechoshumanos\/wp-json\/wp\/v2\/users\/6"}],"replies":[{"embeddable":true,"href":"https:\/\/www.ministeriodegobierno.gob.ec\/derechoshumanos\/wp-json\/wp\/v2\/comments?post=8965"}],"version-history":[{"count":1,"href":"https:\/\/www.ministeriodegobierno.gob.ec\/derechoshumanos\/wp-json\/wp\/v2\/posts\/8965\/revisions"}],"predecessor-version":[{"id":8966,"href":"https:\/\/www.ministeriodegobierno.gob.ec\/derechoshumanos\/wp-json\/wp\/v2\/posts\/8965\/revisions\/8966"}],"wp:featuredmedia":[{"embeddable":true,"href":"https:\/\/www.ministeriodegobierno.gob.ec\/derechoshumanos\/wp-json\/wp\/v2\/media\/8311"}],"wp:attachment":[{"href":"https:\/\/www.ministeriodegobierno.gob.ec\/derechoshumanos\/wp-json\/wp\/v2\/media?parent=8965"}],"wp:term":[{"taxonomy":"category","embeddable":true,"href":"https:\/\/www.ministeriodegobierno.gob.ec\/derechoshumanos\/wp-json\/wp\/v2\/categories?post=8965"},{"taxonomy":"post_tag","embeddable":true,"href":"https:\/\/www.ministeriodegobierno.gob.ec\/derechoshumanos\/wp-json\/wp\/v2\/tags?post=8965"}],"curies":[{"name":"wp","href":"https:\/\/api.w.org\/{rel}","templated":true}]}}