{"id":8980,"date":"2021-05-05T11:32:01","date_gmt":"2021-05-05T16:32:01","guid":{"rendered":"https:\/\/www.derechoshumanos.gob.ec\/?p=8980"},"modified":"2021-05-05T11:32:06","modified_gmt":"2021-05-05T16:32:06","slug":"la-secretaria-de-derechos-humanos-inicio-proceso-de-transicion-con-nuevo-gobierno-nacional","status":"publish","type":"post","link":"https:\/\/www.ministeriodegobierno.gob.ec\/derechoshumanos\/2021\/05\/05\/la-secretaria-de-derechos-humanos-inicio-proceso-de-transicion-con-nuevo-gobierno-nacional\/","title":{"rendered":"La Secretar\u00eda de Derechos Humanos inici\u00f3 proceso de transici\u00f3n con nuevo Gobierno Nacional"},"content":{"rendered":"\n<p class=\"wp-block-paragraph\"><\/p>\n\n\n\n<p class=\"wp-block-paragraph\"><strong>Quito, Ecuador.-&nbsp; <\/strong>La secretaria de Derechos Humanos, Cecilia Chac\u00f3n\nCastillo, se reuni\u00f3 con Bernarda Ord\u00f3\u00f1ez, designada por el Presidente electo para\nesta cartera de Estado, con el fin de iniciar el proceso de transici\u00f3n. En este\nencuentro se entreg\u00f3 de forma f\u00edsica y virtual un informe de m\u00e1s de 140 paginas\nsobre la gesti\u00f3n institucional. <\/p>\n\n\n\n<p class=\"wp-block-paragraph\">Cecilia Chac\u00f3n manifest\u00f3 que la reuni\u00f3n de los\nequipos de trabajo fue cordial, en un ambiente ameno y profesional, donde se\ndialog\u00f3 abiertamente sobre la informaci\u00f3n de la gesti\u00f3n de la Secretar\u00eda de\nDerechos Humanos y adem\u00e1s se expuso los logros, avances y desaf\u00edos a futuro.<\/p>\n\n\n\n<p class=\"wp-block-paragraph\"><strong><em>\u201cDejo una instituci\u00f3n seria, peque\u00f1a, pero con\ngrandes responsabilidades dentro y fuera del pa\u00eds. La Secretar\u00eda de Derechos\nHumanos tiene presencia territorial respetada, conocida y consolidada, el\nEcuador tambi\u00e9n tiene presencia internacional y &nbsp;es reconocido por su calidad representativa,\ndi\u00e1logo abierto y profunda vocaci\u00f3n de transparencia en el \u00e1mbito de los\nDerechos Humanos\u201d<\/em><\/strong>, se\u00f1al\u00f3 la\nSecretaria.<\/p>\n\n\n\n<p class=\"wp-block-paragraph\">Indic\u00f3 que a\u00fan hay grandes desaf\u00edos para consolidar\nla institucionalidad, fortalecer los Servicios de Protecci\u00f3n Integral que\nbrindan atenci\u00f3n a v\u00edctimas de violencia y dar continuidad a la pol\u00edtica\np\u00fablica de Econom\u00eda Violeta, que impulsa la autonom\u00eda econ\u00f3mica y\nempoderamiento en derechos de las mujeres. <\/p>\n\n\n\n<p class=\"wp-block-paragraph\">Adem\u00e1s, mencion\u00f3 que es necesario hacer buen uso,\nmediante el di\u00e1logo abierto y corresponsable, de los $ 40 millones gestionados\ny listos a ejecutar para econom\u00edas comunitarias de pueblos y nacionalidades del\nEcuador, as\u00ed como del fondo Spotlight, que design\u00f3 un monto de $ 3.22 millones\npara promover la aplicaci\u00f3n de la Ley Org\u00e1nica para Prevenir y Erradicar la\nViolencia contra las Mujeres, en un periodo de tres a\u00f1os. <\/p>\n\n\n\n<p class=\"wp-block-paragraph\">Tambi\u00e9n habl\u00f3 del compromiso con Fundaci\u00f3n Esquel y\nla Uni\u00f3n Europea sobre el &nbsp;\u201cProceso&nbsp; de&nbsp;\nDi\u00e1logo&nbsp; Nacional,&nbsp; un&nbsp;\npacto&nbsp; por&nbsp; el&nbsp;\nma\u00f1ana\u201d&nbsp; que est\u00e1 listo para ser\nejecutado, al igual que 20 convenios suscritos y vigentes para el\nacompa\u00f1amiento a la gesti\u00f3n de esta cartera de Estado.<\/p>\n\n\n\n<p class=\"wp-block-paragraph\">Toda la informaci\u00f3n presentada a la nueva autoridad se encuentra en la\np\u00e1gina web de la instituci\u00f3n en el siguiente link: https:\/\/bit.ly\/3ulM06O.<\/p>\n","protected":false},"excerpt":{"rendered":"<p class=\"excerpt\">Quito, Ecuador.-&nbsp; La secretaria de Derechos Humanos, Cecilia Chac\u00f3n Castillo, se reuni\u00f3 con Bernarda Ord\u00f3\u00f1ez, designada por el Presidente electo para esta cartera de Estado, con el fin de iniciar el proceso de transici\u00f3n. En este encuentro se entreg\u00f3 de forma f\u00edsica y virtual un informe de m\u00e1s de 140 paginas sobre la gesti\u00f3n institucional. Cecilia Chac\u00f3n manifest\u00f3 que la&hellip; <a href=\"https:\/\/www.ministeriodegobierno.gob.ec\/derechoshumanos\/2021\/05\/05\/la-secretaria-de-derechos-humanos-inicio-proceso-de-transicion-con-nuevo-gobierno-nacional\/\">Read more &rarr;<\/a><\/p>\n","protected":false},"author":6,"featured_media":8981,"comment_status":"closed","ping_status":"closed","sticky":false,"template":"","format":"standard","meta":{"footnotes":""},"categories":[20,5,6],"tags":[],"class_list":["post-8980","post","type-post","status-publish","format-standard","has-post-thumbnail","hentry","category-boletin-de-prensa","category-noticias","category-noticias-destacadas","xfolkentry"],"_links":{"self":[{"href":"https:\/\/www.ministeriodegobierno.gob.ec\/derechoshumanos\/wp-json\/wp\/v2\/posts\/8980","targetHints":{"allow":["GET"]}}],"collection":[{"href":"https:\/\/www.ministeriodegobierno.gob.ec\/derechoshumanos\/wp-json\/wp\/v2\/posts"}],"about":[{"href":"https:\/\/www.ministeriodegobierno.gob.ec\/derechoshumanos\/wp-json\/wp\/v2\/types\/post"}],"author":[{"embeddable":true,"href":"https:\/\/www.ministeriodegobierno.gob.ec\/derechoshumanos\/wp-json\/wp\/v2\/users\/6"}],"replies":[{"embeddable":true,"href":"https:\/\/www.ministeriodegobierno.gob.ec\/derechoshumanos\/wp-json\/wp\/v2\/comments?post=8980"}],"version-history":[{"count":1,"href":"https:\/\/www.ministeriodegobierno.gob.ec\/derechoshumanos\/wp-json\/wp\/v2\/posts\/8980\/revisions"}],"predecessor-version":[{"id":8982,"href":"https:\/\/www.ministeriodegobierno.gob.ec\/derechoshumanos\/wp-json\/wp\/v2\/posts\/8980\/revisions\/8982"}],"wp:featuredmedia":[{"embeddable":true,"href":"https:\/\/www.ministeriodegobierno.gob.ec\/derechoshumanos\/wp-json\/wp\/v2\/media\/8981"}],"wp:attachment":[{"href":"https:\/\/www.ministeriodegobierno.gob.ec\/derechoshumanos\/wp-json\/wp\/v2\/media?parent=8980"}],"wp:term":[{"taxonomy":"category","embeddable":true,"href":"https:\/\/www.ministeriodegobierno.gob.ec\/derechoshumanos\/wp-json\/wp\/v2\/categories?post=8980"},{"taxonomy":"post_tag","embeddable":true,"href":"https:\/\/www.ministeriodegobierno.gob.ec\/derechoshumanos\/wp-json\/wp\/v2\/tags?post=8980"}],"curies":[{"name":"wp","href":"https:\/\/api.w.org\/{rel}","templated":true}]}}