{"id":8989,"date":"2021-05-05T14:32:49","date_gmt":"2021-05-05T19:32:49","guid":{"rendered":"https:\/\/www.derechoshumanos.gob.ec\/?p=8989"},"modified":"2021-05-05T14:36:38","modified_gmt":"2021-05-05T19:36:38","slug":"la-secretaria-de-derechos-humanos-realiza-seguimiento-a-los-acuerdos-del-plan-nacional-de-prevencion-y-erradicacion-de-la-violencia-contra-las-mujeres-en-manabi-2","status":"publish","type":"post","link":"https:\/\/www.ministeriodegobierno.gob.ec\/derechoshumanos\/2021\/05\/05\/la-secretaria-de-derechos-humanos-realiza-seguimiento-a-los-acuerdos-del-plan-nacional-de-prevencion-y-erradicacion-de-la-violencia-contra-las-mujeres-en-manabi-2\/","title":{"rendered":"La Secretar\u00eda de Derechos Humanos realiza seguimiento a los acuerdos del Plan Nacional de Prevenci\u00f3n y Erradicaci\u00f3n de la Violencia contra las Mujeres en Manab\u00ed"},"content":{"rendered":"\n<p class=\"wp-block-paragraph\"><strong>Pichincha,\nEcuador._ <\/strong>La Secretar\u00eda de Derechos Humanos (SDH) a trav\u00e9s de\nla zona 4, realiz\u00f3 la mesa t\u00e9cnica con el objetivo de dar seguimiento a los\nacuerdo del Plan Nacional de Prevenci\u00f3n y Erradicaci\u00f3n de la Violencia contra\nlas Mujeres, en el acto virtual participaron representantes del Sistema de\nProtecci\u00f3n de Derechos.<\/p>\n\n\n\n<p class=\"wp-block-paragraph\">En esta mesa t\u00e9cnica se analizaron las\nestrategias y los ejes de acci\u00f3n, referentes a la prevenci\u00f3n, protecci\u00f3n \u2013\natenci\u00f3n y reparaci\u00f3n en coordinaci\u00f3n con las instituciones gubernamentales y\norganizaciones de la sociedad civil, en beneficio de las mujeres para prevenir\ny erradicar la violencia.<\/p>\n\n\n\n<p class=\"wp-block-paragraph\">Juan Carlos Pe\u00f1afiel, responsable\nde la zona 4, manifest\u00f3: <em>\u201cEsta Cumbre\nTerritorial pretende generar corresponsabilidad hacia las familias, las\ncomunidades y sociedad civil organizada, es un imperativo sin duda alguna para\nrevertir la desprotecci\u00f3n, la exclusi\u00f3n y la violencia\u201d. <\/em><\/p>\n\n\n\n<p class=\"wp-block-paragraph\">Cecilia Moreira, secretaria\nejecutiva del Consejo Cantonal de Protecci\u00f3n de Derechos, indic\u00f3 que se debe\nelaborar pol\u00edticas p\u00fablicas enfocadas en prevenir la violencia contra las\nmujeres.<\/p>\n\n\n\n<p class=\"wp-block-paragraph\">Por su parte, Sindy Navarrete,\nmiembro de la Junta Cantonal de Jama, dijo: <em>\u201cNos\nencontramos asesorando y socializando el tema de rutas de atenci\u00f3n, queremos\ntrabajar con el Consejo Cantonal de Protecci\u00f3n de Derechos a trav\u00e9s de charlas\nde sensibilizaciones dirigidas a las comunidades y barrios para que ning\u00fan caso\nquede impune\u201d.&nbsp;&nbsp; <\/em><\/p>\n\n\n\n<p class=\"wp-block-paragraph\">Luis Saltos, jefe pol\u00edtico,\nmencion\u00f3 que est\u00e1 agradecido y presto para colaborar ante cualquier situaci\u00f3n\nque amerite para prevenir y erradicar la violencia contra las mujeres. <\/p>\n\n\n\n<p class=\"wp-block-paragraph\">En este sentido, se determinaron varios\nacuerdos en torno a los siguientes ejes:<\/p>\n\n\n\n<p class=\"wp-block-paragraph\">En el eje de prevenci\u00f3n, se acord\u00f3\ncontinuar con el trabajo en las comunidades educativas rurales para conocer sus\nrealidades y brindar talleres normativos que puedan cambiar patrones mentales\npreestablecidos en la sociedad y as\u00ed, prevenir y erradicar la violencia contra\nla mujer.<\/p>\n\n\n\n<p class=\"wp-block-paragraph\">En el eje de atenci\u00f3n\/protecci\u00f3n, se\ndetermin\u00f3 fortalecer de los espacios de trabajo a fin de brindar un mejor\nservicio a la comunidad y garantizar atenci\u00f3n y protecci\u00f3n integral a v\u00edctimas\nde violencia, implementar capacitaciones sobre violencia de g\u00e9nero; y, atenci\u00f3n\ntelem\u00e1tica las 24 horas, los siete d\u00edas de la semana.<\/p>\n\n\n\n<p class=\"wp-block-paragraph\">Finalmente en el eje de reparaci\u00f3n, se\nplante\u00f3 generar micro emprendimientos para mujeres que tengan dependencia\necon\u00f3mica, adem\u00e1s que en el proceso de reparaci\u00f3n se incluyan a los familiares que\nconviven con la v\u00edctima para que ellos sean apoyo en su diario vivir; y,\nrealizaci\u00f3n de campa\u00f1as dirigidas a la mujeres, v\u00edctimas de violencia. <\/p>\n\n\n\n<p class=\"wp-block-paragraph\">La Secretar\u00eda de Derechos Humanos en\ncoordinaci\u00f3n interinstitucional continuar\u00e1 gestionando acciones inmediatas para\nprevenir y erradicar la violencia.<\/p>\n","protected":false},"excerpt":{"rendered":"<p class=\"excerpt\">Pichincha, Ecuador._ La Secretar\u00eda de Derechos Humanos (SDH) a trav\u00e9s de la zona 4, realiz\u00f3 la mesa t\u00e9cnica con el objetivo de dar seguimiento a los acuerdo del Plan Nacional de Prevenci\u00f3n y Erradicaci\u00f3n de la Violencia contra las Mujeres, en el acto virtual participaron representantes del Sistema de Protecci\u00f3n de Derechos. En esta mesa t\u00e9cnica se analizaron las estrategias&hellip; <a href=\"https:\/\/www.ministeriodegobierno.gob.ec\/derechoshumanos\/2021\/05\/05\/la-secretaria-de-derechos-humanos-realiza-seguimiento-a-los-acuerdos-del-plan-nacional-de-prevencion-y-erradicacion-de-la-violencia-contra-las-mujeres-en-manabi-2\/\">Read more &rarr;<\/a><\/p>\n","protected":false},"author":8,"featured_media":8991,"comment_status":"closed","ping_status":"closed","sticky":false,"template":"","format":"standard","meta":{"footnotes":""},"categories":[20,5,6],"tags":[],"class_list":["post-8989","post","type-post","status-publish","format-standard","has-post-thumbnail","hentry","category-boletin-de-prensa","category-noticias","category-noticias-destacadas","xfolkentry"],"_links":{"self":[{"href":"https:\/\/www.ministeriodegobierno.gob.ec\/derechoshumanos\/wp-json\/wp\/v2\/posts\/8989","targetHints":{"allow":["GET"]}}],"collection":[{"href":"https:\/\/www.ministeriodegobierno.gob.ec\/derechoshumanos\/wp-json\/wp\/v2\/posts"}],"about":[{"href":"https:\/\/www.ministeriodegobierno.gob.ec\/derechoshumanos\/wp-json\/wp\/v2\/types\/post"}],"author":[{"embeddable":true,"href":"https:\/\/www.ministeriodegobierno.gob.ec\/derechoshumanos\/wp-json\/wp\/v2\/users\/8"}],"replies":[{"embeddable":true,"href":"https:\/\/www.ministeriodegobierno.gob.ec\/derechoshumanos\/wp-json\/wp\/v2\/comments?post=8989"}],"version-history":[{"count":1,"href":"https:\/\/www.ministeriodegobierno.gob.ec\/derechoshumanos\/wp-json\/wp\/v2\/posts\/8989\/revisions"}],"predecessor-version":[{"id":8990,"href":"https:\/\/www.ministeriodegobierno.gob.ec\/derechoshumanos\/wp-json\/wp\/v2\/posts\/8989\/revisions\/8990"}],"wp:featuredmedia":[{"embeddable":true,"href":"https:\/\/www.ministeriodegobierno.gob.ec\/derechoshumanos\/wp-json\/wp\/v2\/media\/8991"}],"wp:attachment":[{"href":"https:\/\/www.ministeriodegobierno.gob.ec\/derechoshumanos\/wp-json\/wp\/v2\/media?parent=8989"}],"wp:term":[{"taxonomy":"category","embeddable":true,"href":"https:\/\/www.ministeriodegobierno.gob.ec\/derechoshumanos\/wp-json\/wp\/v2\/categories?post=8989"},{"taxonomy":"post_tag","embeddable":true,"href":"https:\/\/www.ministeriodegobierno.gob.ec\/derechoshumanos\/wp-json\/wp\/v2\/tags?post=8989"}],"curies":[{"name":"wp","href":"https:\/\/api.w.org\/{rel}","templated":true}]}}