{"id":8993,"date":"2021-05-05T14:42:02","date_gmt":"2021-05-05T19:42:02","guid":{"rendered":"https:\/\/www.derechoshumanos.gob.ec\/?p=8993"},"modified":"2021-05-05T14:42:03","modified_gmt":"2021-05-05T19:42:03","slug":"cecilia-chacon-secretaria-de-derechos-humanos-participo-en-la-presentacion-de-documentos-de-trabajo-organizado-por-la-cooperacion-tecnica-alemana-para-el-desarrollo-giz-programa-europeo-fro","status":"publish","type":"post","link":"https:\/\/www.ministeriodegobierno.gob.ec\/derechoshumanos\/2021\/05\/05\/cecilia-chacon-secretaria-de-derechos-humanos-participo-en-la-presentacion-de-documentos-de-trabajo-organizado-por-la-cooperacion-tecnica-alemana-para-el-desarrollo-giz-programa-europeo-fro\/","title":{"rendered":"Cecilia Chac\u00f3n, secretaria de Derechos Humanos particip\u00f3 en la presentaci\u00f3n de documentos de trabajo organizado por la Cooperaci\u00f3n T\u00e9cnica Alemana para el Desarrollo \u2013 GIZ Programa Europeo Frontera Norte: Territorio de desarrollo y paz"},"content":{"rendered":"\n<p class=\"wp-block-paragraph\"><strong>Quito,\nEcuador._ <\/strong>Cecilia Chac\u00f3n, secretaria de Derechos Humanos,\nparticip\u00f3 en lapresentaci\u00f3n virtual\nde los documentos de trabajo: Sistemas locales de protecci\u00f3n de derechos con\n\u00e9nfasis en grupos de atenci\u00f3n prioritaria, Gu\u00eda para la protecci\u00f3n de derechos\nen los gobiernos aut\u00f3nomos descentralizados; y, Manual did\u00e1ctico para la\nprotecci\u00f3n de derechos en las juntas cantonales de protecci\u00f3n de derechos; acto\norganizado por la Cooperaci\u00f3n T\u00e9cnica Alemana para el Desarrollo \u2013 GIZ Programa\nEuropeo Frontera Norte: Territorio de desarrollo y paz.<\/p>\n\n\n\n<p class=\"wp-block-paragraph\">El\nobjetivo de la elaboraci\u00f3n de estas herramientas es contribuir al trabajo\ndiario de las y los funcionarios de las instituciones garantes de derechos, en\neste sentido, la m\u00e1xima autoridad de esta cartera de Estado, mencion\u00f3 que estos\ninstrumentos creados han permitido territorializar la Ley, con la finalidad de\nllegar a todos los espacios para promover instrumentos reales que ayuden a\nprevenir y erradicar la violencia.<\/p>\n\n\n\n<p class=\"wp-block-paragraph\"><strong><em>\u201c<\/em><\/strong><strong><em>La\nCooperaci\u00f3n apoya a un programa del Estado ecuatoriano donde facilita la\nconexi\u00f3n entre los entes de los derechos humanos, me congratulo porque estas\nherramientas ya son una realidad, siempre repito, hagamos que las cosas pasen y\ntengamos resultados, y hoy lo logramos\u201d,<\/em><\/strong>\nrecalc\u00f3 Chac\u00f3n. <\/p>\n\n\n\n<p class=\"wp-block-paragraph\">Por su parte, Julia Unger, coordinadora\nnacional del Programa Si-Frontera, mencion\u00f3 que las herramientas van hacer\n\u00fatiles en los pr\u00f3ximos a\u00f1os para el trabajo diario como gu\u00eda, referencia y\norientaci\u00f3n, desarrollados para comprender a los grupos de atenci\u00f3n\nprioritaria. <\/p>\n\n\n\n<p class=\"wp-block-paragraph\">En\nel evento estuvieron presentes Freddy Carri\u00f3n Intriago, defensor del Pueblo, Edwin\nMi\u00f1o, secretario ejecutivo del CONGOPE, autoridades locales, Consejos de\nProtecci\u00f3n de Derechos, Juntas Cantonales y sociedad civil. <\/p>\n\n\n\n<p class=\"wp-block-paragraph\"><strong>Para mayor\ninformaci\u00f3n <\/strong><strong>Direcci\u00f3n de Comunicaci\u00f3n \u2013 Secretar\u00eda de Derechos\nHumanos<\/strong><\/p>\n","protected":false},"excerpt":{"rendered":"<p class=\"excerpt\">Quito, Ecuador._ Cecilia Chac\u00f3n, secretaria de Derechos Humanos, particip\u00f3 en lapresentaci\u00f3n virtual de los documentos de trabajo: Sistemas locales de protecci\u00f3n de derechos con \u00e9nfasis en grupos de atenci\u00f3n prioritaria, Gu\u00eda para la protecci\u00f3n de derechos en los gobiernos aut\u00f3nomos descentralizados; y, Manual did\u00e1ctico para la protecci\u00f3n de derechos en las juntas cantonales de protecci\u00f3n de derechos; acto organizado por&hellip; <a href=\"https:\/\/www.ministeriodegobierno.gob.ec\/derechoshumanos\/2021\/05\/05\/cecilia-chacon-secretaria-de-derechos-humanos-participo-en-la-presentacion-de-documentos-de-trabajo-organizado-por-la-cooperacion-tecnica-alemana-para-el-desarrollo-giz-programa-europeo-fro\/\">Read more &rarr;<\/a><\/p>\n","protected":false},"author":8,"featured_media":8994,"comment_status":"closed","ping_status":"closed","sticky":false,"template":"","format":"standard","meta":{"footnotes":""},"categories":[20,5,6],"tags":[],"class_list":["post-8993","post","type-post","status-publish","format-standard","has-post-thumbnail","hentry","category-boletin-de-prensa","category-noticias","category-noticias-destacadas","xfolkentry"],"_links":{"self":[{"href":"https:\/\/www.ministeriodegobierno.gob.ec\/derechoshumanos\/wp-json\/wp\/v2\/posts\/8993","targetHints":{"allow":["GET"]}}],"collection":[{"href":"https:\/\/www.ministeriodegobierno.gob.ec\/derechoshumanos\/wp-json\/wp\/v2\/posts"}],"about":[{"href":"https:\/\/www.ministeriodegobierno.gob.ec\/derechoshumanos\/wp-json\/wp\/v2\/types\/post"}],"author":[{"embeddable":true,"href":"https:\/\/www.ministeriodegobierno.gob.ec\/derechoshumanos\/wp-json\/wp\/v2\/users\/8"}],"replies":[{"embeddable":true,"href":"https:\/\/www.ministeriodegobierno.gob.ec\/derechoshumanos\/wp-json\/wp\/v2\/comments?post=8993"}],"version-history":[{"count":1,"href":"https:\/\/www.ministeriodegobierno.gob.ec\/derechoshumanos\/wp-json\/wp\/v2\/posts\/8993\/revisions"}],"predecessor-version":[{"id":8995,"href":"https:\/\/www.ministeriodegobierno.gob.ec\/derechoshumanos\/wp-json\/wp\/v2\/posts\/8993\/revisions\/8995"}],"wp:featuredmedia":[{"embeddable":true,"href":"https:\/\/www.ministeriodegobierno.gob.ec\/derechoshumanos\/wp-json\/wp\/v2\/media\/8994"}],"wp:attachment":[{"href":"https:\/\/www.ministeriodegobierno.gob.ec\/derechoshumanos\/wp-json\/wp\/v2\/media?parent=8993"}],"wp:term":[{"taxonomy":"category","embeddable":true,"href":"https:\/\/www.ministeriodegobierno.gob.ec\/derechoshumanos\/wp-json\/wp\/v2\/categories?post=8993"},{"taxonomy":"post_tag","embeddable":true,"href":"https:\/\/www.ministeriodegobierno.gob.ec\/derechoshumanos\/wp-json\/wp\/v2\/tags?post=8993"}],"curies":[{"name":"wp","href":"https:\/\/api.w.org\/{rel}","templated":true}]}}