{"id":9008,"date":"2021-05-06T13:17:15","date_gmt":"2021-05-06T18:17:15","guid":{"rendered":"https:\/\/www.derechoshumanos.gob.ec\/?p=9008"},"modified":"2021-05-06T14:16:54","modified_gmt":"2021-05-06T19:16:54","slug":"comision-mixta-nacional-de-acceso-a-justicia-del-ecuadoreleccion-de-nuevo-presidente","status":"publish","type":"post","link":"https:\/\/www.ministeriodegobierno.gob.ec\/derechoshumanos\/2021\/05\/06\/comision-mixta-nacional-de-acceso-a-justicia-del-ecuadoreleccion-de-nuevo-presidente\/","title":{"rendered":"COMISI\u00d3N MIXTA NACIONAL DE ACCESO A JUSTICIA DEL ECUADOR ELECCI\u00d3N DE NUEVO PRESIDENTE"},"content":{"rendered":"\n<p class=\"wp-block-paragraph\">El d\u00eda jueves 6 de mayo de 2021, sesion\u00f3 la Comisi\u00f3n Mixta Nacional de Acceso a Justicia  del  Ecuador,  con el  fin  de  elegir  a  su  nuevo  presidente  o  presidenta, siendo  elegido  por  unanimidad  el  doctor  Iv\u00e1n  Saquicela  Rodas,  Presidente  de  la Corte Nacional de Justicia por el periodo de un a\u00f1o. <\/p>\n\n\n\n<p class=\"wp-block-paragraph\">Previamente la se\u00f1ora Presidenta saliente, Magister Cecilia Chac\u00f3n, Secretaria de Derechos Humanos, dio a conocer algunas de las acciones m\u00e1s destacadas de su gesti\u00f3n,  y  manifest\u00f3  la  positiva  experiencia  y el  valioso trabajo  interinstitucional desplegado, a fin de facilitar el acceso a la justicia a ni\u00f1os, ni\u00f1as, adolescentes y mujeres v\u00edctimas de violencia en el pa\u00eds. <\/p>\n\n\n\n<p class=\"wp-block-paragraph\">El  doctor  Ivan  Saquicela  agradeci\u00f3  la  elecci\u00f3n,  felicit\u00f3  la  acertada  gesti\u00f3n  de  su predecesora y refiri\u00f3 su compromiso y el de la Corte Nacional de Justicia para por medio de  la  Comisi\u00f3n,  promover    mecanismos  de  defensa  de  los  derechos  en especial en  aquellas  situaciones  de  violencia ejercida  contra  las  mujeres,  ni\u00f1as, ni\u00f1os, las y los adolescentes.        <\/p>\n","protected":false},"excerpt":{"rendered":"<p class=\"excerpt\">El d\u00eda jueves 6 de mayo de 2021, sesion\u00f3 la Comisi\u00f3n Mixta Nacional de Acceso a Justicia del Ecuador, con el fin de elegir a su nuevo presidente o presidenta, siendo elegido por unanimidad el doctor Iv\u00e1n Saquicela Rodas, Presidente de la Corte Nacional de Justicia por el periodo de un a\u00f1o. Previamente la se\u00f1ora Presidenta saliente, Magister Cecilia Chac\u00f3n,&hellip; <a href=\"https:\/\/www.ministeriodegobierno.gob.ec\/derechoshumanos\/2021\/05\/06\/comision-mixta-nacional-de-acceso-a-justicia-del-ecuadoreleccion-de-nuevo-presidente\/\">Read more &rarr;<\/a><\/p>\n","protected":false},"author":6,"featured_media":9009,"comment_status":"closed","ping_status":"closed","sticky":false,"template":"","format":"standard","meta":{"footnotes":""},"categories":[20,5,6],"tags":[],"class_list":["post-9008","post","type-post","status-publish","format-standard","has-post-thumbnail","hentry","category-boletin-de-prensa","category-noticias","category-noticias-destacadas","xfolkentry"],"_links":{"self":[{"href":"https:\/\/www.ministeriodegobierno.gob.ec\/derechoshumanos\/wp-json\/wp\/v2\/posts\/9008","targetHints":{"allow":["GET"]}}],"collection":[{"href":"https:\/\/www.ministeriodegobierno.gob.ec\/derechoshumanos\/wp-json\/wp\/v2\/posts"}],"about":[{"href":"https:\/\/www.ministeriodegobierno.gob.ec\/derechoshumanos\/wp-json\/wp\/v2\/types\/post"}],"author":[{"embeddable":true,"href":"https:\/\/www.ministeriodegobierno.gob.ec\/derechoshumanos\/wp-json\/wp\/v2\/users\/6"}],"replies":[{"embeddable":true,"href":"https:\/\/www.ministeriodegobierno.gob.ec\/derechoshumanos\/wp-json\/wp\/v2\/comments?post=9008"}],"version-history":[{"count":2,"href":"https:\/\/www.ministeriodegobierno.gob.ec\/derechoshumanos\/wp-json\/wp\/v2\/posts\/9008\/revisions"}],"predecessor-version":[{"id":9012,"href":"https:\/\/www.ministeriodegobierno.gob.ec\/derechoshumanos\/wp-json\/wp\/v2\/posts\/9008\/revisions\/9012"}],"wp:featuredmedia":[{"embeddable":true,"href":"https:\/\/www.ministeriodegobierno.gob.ec\/derechoshumanos\/wp-json\/wp\/v2\/media\/9009"}],"wp:attachment":[{"href":"https:\/\/www.ministeriodegobierno.gob.ec\/derechoshumanos\/wp-json\/wp\/v2\/media?parent=9008"}],"wp:term":[{"taxonomy":"category","embeddable":true,"href":"https:\/\/www.ministeriodegobierno.gob.ec\/derechoshumanos\/wp-json\/wp\/v2\/categories?post=9008"},{"taxonomy":"post_tag","embeddable":true,"href":"https:\/\/www.ministeriodegobierno.gob.ec\/derechoshumanos\/wp-json\/wp\/v2\/tags?post=9008"}],"curies":[{"name":"wp","href":"https:\/\/api.w.org\/{rel}","templated":true}]}}