{"id":9014,"date":"2021-05-06T16:24:01","date_gmt":"2021-05-06T21:24:01","guid":{"rendered":"https:\/\/www.derechoshumanos.gob.ec\/?p=9014"},"modified":"2021-05-06T16:24:02","modified_gmt":"2021-05-06T21:24:02","slug":"la-secretaria-de-derechos-humanos-presento-serie-editorial-away-weartin-tsejnu-sobre-la-situacion-de-nacionalidades-y-pueblos-del-ecuador","status":"publish","type":"post","link":"https:\/\/www.ministeriodegobierno.gob.ec\/derechoshumanos\/2021\/05\/06\/la-secretaria-de-derechos-humanos-presento-serie-editorial-away-weartin-tsejnu-sobre-la-situacion-de-nacionalidades-y-pueblos-del-ecuador\/","title":{"rendered":"La Secretar\u00eda de Derechos Humanos present\u00f3 serie editorial \u201cAway- Weartin \u2013 Tsejnu\u201d sobre la situaci\u00f3n de Nacionalidades y Pueblos del Ecuador"},"content":{"rendered":"\n<p class=\"wp-block-paragraph\"><\/p>\n\n\n\n<p class=\"wp-block-paragraph\"><strong>Quito, Ecuador.-&nbsp; <\/strong>La Secretar\u00eda de\nDerechos Humanos&nbsp; en coordinaci\u00f3n con la Pontificia Universidad\nCat\u00f3lica del Ecuador, la Uni\u00f3n Europea en Ecuador y la Cooperaci\u00f3n T\u00e9cnica\nAlemana \u2013 GIZ Ecuador, present\u00f3 la serie editorial \u201cAway- Weartin \u2013 Tsejnu\u201d,\nt\u00e9rminos de las lenguas de las nacionalidades Kichwa, Shuar y Chachi que\nsignifican hacer,\ntejer, construir, articular. Son 4 primeras publicaciones que hablan\nsobre pueblos y nacionalidades del Ecuador. <\/p>\n\n\n\n<p class=\"wp-block-paragraph\">Cecilia Chac\u00f3n, secretaria de Derechos\nHumanos, resalt\u00f3 la importancia de estas publicaciones que fueron recopiladas\nmediante investigaciones, debates, an\u00e1lisis y reflexi\u00f3n con cooperaci\u00f3n de\ndistintas Universidades.&nbsp; <strong><em>\u201cLa\nSecretar\u00eda de Derechos Humanos desde el inicio de mis labores, promueve la\ngesti\u00f3n del conocimiento, misma que busca la ra\u00edz y contextualizar la memoria.\nLos pueblos y nacionalidades son culturas vivas que est\u00e1n presentes y son\nprotag\u00f3nicas para la construcci\u00f3n del Estado Plurinacional y la Sociedad\nIntercultural\u201d<\/em><\/strong>, se\u00f1al\u00f3 la Secretaria. <\/p>\n\n\n\n<p class=\"wp-block-paragraph\">Enrique Gea, uno de los autores del libro\n\u201cCaracter\u00edsticas socioculturales, demogr\u00e1ficas y de salud p\u00fablica de las\nNacionalidades Ind\u00edgenas del Ecuador\u201d, realiz\u00f3 la presentaci\u00f3n indicando que\neste texto&nbsp; muestra las generalidades\ninherentes a las nacionalidades ind\u00edgenas del Ecuador, entre estas lo relativo\na: la salud, el contexto plurinacional y sociedad intercultural, el impacto\nmedio ambiental y la afectaci\u00f3n del territorio, la conceptualizaci\u00f3n de la\nNacionalidad Kichwa sobre el Sumak Kawsay y el origen de la poblaci\u00f3n y sus\ncomponentes socioculturales, adem\u00e1s hace un recorrido pormenorizado de las 14\nnacionalidades de la Amazon\u00eda y Costa del pa\u00eds. Jos\u00e9 Juncoso, profesor la\nUniversidad Polit\u00e9cnica Salesiana, tambi\u00e9n expuso sobre este libro indicando\nque: <strong><em>\u201clos derechos ind\u00edgenas no se pueden imaginar sino desde la\nplurinacionalidad y acci\u00f3n directa desde la pol\u00edtica y la acci\u00f3n p\u00fablica\u201d.<\/em><\/strong><\/p>\n\n\n\n<p class=\"wp-block-paragraph\">Luis Maldonado, subsecretario de Nacionalidades,\nPueblos y Movimientos Sociales present\u00f3 el libro \u00abEstado Plurinacional y\nSociedad Intercultural, Pol\u00edticas y Derechos\u201d, mismo que es el resultado del debate\ny an\u00e1lisis de m\u00e1s de 300 personas que participaron en foros acad\u00e9micos,\nconjuntamente con &nbsp;l\u00edderes y dirigentes\nde las organizaciones de las nacionalidades Ind\u00edgenas y de los pueblos\nAfroecuatoriano y Montubio, que permitieron visualizar los avances y\nlimitaciones del debate sobre la plurinacionalidad y la interculturalidad.<\/p>\n\n\n\n<p class=\"wp-block-paragraph\">Miguel \u00c1ngel Mart\u00edn\nL\u00f3pez, profesor titular de Derecho Internacional P\u00fablico de la Universidad de\nSevilla, habl\u00f3 sobre el libro \u201cLegislaci\u00f3n\nInternacional sobre Derechos de las&nbsp;\nNacionalidades y Pueblos\u201d,&nbsp; el\ncual responde a cubrir el vac\u00edo de&nbsp; informaci\u00f3n y conocimiento de la legislaci\u00f3n\ninternacional atinente a los derechos de las nacionalidades y pueblos,\nherramienta que permitir\u00e1, tanto a los operadores de la pol\u00edtica p\u00fablica\nnacional y local, como a las organizaciones sociales una amplia informaci\u00f3n de\nla legislaci\u00f3n de los derechos reconocidos al nivel internacional que se\ncomplementa con los derechos colectivos reconocidos en la Constituci\u00f3n de la\nRep\u00fablica del Ecuador.<\/p>\n\n\n\n<p class=\"wp-block-paragraph\">Diego\nIturralde, representante del Consejo Nacional para la Igualdad de Pueblos y\nNacionalidades, present\u00f3 el libro \u201cLa Constituci\u00f3n y los\nderechos de las Nacionalidades y Pueblos\u201d, en este se muestra una compilaci\u00f3n de los articulados de la\nConstituci\u00f3n de la Rep\u00fablica del Ecuador, desde un enfoque de derechos.&nbsp; Esta publicaci\u00f3n pretende ser un material de\napoyo, \u00fatil para las y los funcionarios p\u00fablicos,&nbsp; las organizaciones sociales y la sociedad\ncivil en general,&nbsp; que trabajan en la\npromoci\u00f3n&nbsp; y el efectivo ejercicio de\nsus&nbsp; derechos.<\/p>\n\n\n\n<p class=\"wp-block-paragraph\">Este acto adem\u00e1s cont\u00f3 con la participaci\u00f3n de Julia Unger, Coordinadora\nPrograma SI-Frontera de la Cooperaci\u00f3n T\u00e9cnica Alemana GIZ y Madalena Macucci,\nde la Delegaci\u00f3n de la Uni\u00f3n Europea en Ecuador, quienes ratificaron su apoyo\nen el trabajo conjunto por los derechos de las nacionalidades y pueblos del\nEcuador. <\/p>\n\n\n\n<p class=\"wp-block-paragraph\">La descarga de estos textos se puede realizar mediante el siguiente link: <a href=\"https:\/\/www.ministeriodegobierno.gob.ec\/derechoshumanos\/biblioteca\/\">https:\/\/www.ministeriodegobierno.gob.ec\/derechoshumanos\/biblioteca\/<\/a>. <\/p>\n","protected":false},"excerpt":{"rendered":"<p class=\"excerpt\">Quito, Ecuador.-&nbsp; La Secretar\u00eda de Derechos Humanos&nbsp; en coordinaci\u00f3n con la Pontificia Universidad Cat\u00f3lica del Ecuador, la Uni\u00f3n Europea en Ecuador y la Cooperaci\u00f3n T\u00e9cnica Alemana \u2013 GIZ Ecuador, present\u00f3 la serie editorial \u201cAway- Weartin \u2013 Tsejnu\u201d, t\u00e9rminos de las lenguas de las nacionalidades Kichwa, Shuar y Chachi que significan hacer, tejer, construir, articular. Son 4 primeras publicaciones que hablan&hellip; <a href=\"https:\/\/www.ministeriodegobierno.gob.ec\/derechoshumanos\/2021\/05\/06\/la-secretaria-de-derechos-humanos-presento-serie-editorial-away-weartin-tsejnu-sobre-la-situacion-de-nacionalidades-y-pueblos-del-ecuador\/\">Read more &rarr;<\/a><\/p>\n","protected":false},"author":6,"featured_media":9015,"comment_status":"closed","ping_status":"closed","sticky":false,"template":"","format":"standard","meta":{"footnotes":""},"categories":[20,5,6],"tags":[],"class_list":["post-9014","post","type-post","status-publish","format-standard","has-post-thumbnail","hentry","category-boletin-de-prensa","category-noticias","category-noticias-destacadas","xfolkentry"],"_links":{"self":[{"href":"https:\/\/www.ministeriodegobierno.gob.ec\/derechoshumanos\/wp-json\/wp\/v2\/posts\/9014","targetHints":{"allow":["GET"]}}],"collection":[{"href":"https:\/\/www.ministeriodegobierno.gob.ec\/derechoshumanos\/wp-json\/wp\/v2\/posts"}],"about":[{"href":"https:\/\/www.ministeriodegobierno.gob.ec\/derechoshumanos\/wp-json\/wp\/v2\/types\/post"}],"author":[{"embeddable":true,"href":"https:\/\/www.ministeriodegobierno.gob.ec\/derechoshumanos\/wp-json\/wp\/v2\/users\/6"}],"replies":[{"embeddable":true,"href":"https:\/\/www.ministeriodegobierno.gob.ec\/derechoshumanos\/wp-json\/wp\/v2\/comments?post=9014"}],"version-history":[{"count":1,"href":"https:\/\/www.ministeriodegobierno.gob.ec\/derechoshumanos\/wp-json\/wp\/v2\/posts\/9014\/revisions"}],"predecessor-version":[{"id":9016,"href":"https:\/\/www.ministeriodegobierno.gob.ec\/derechoshumanos\/wp-json\/wp\/v2\/posts\/9014\/revisions\/9016"}],"wp:featuredmedia":[{"embeddable":true,"href":"https:\/\/www.ministeriodegobierno.gob.ec\/derechoshumanos\/wp-json\/wp\/v2\/media\/9015"}],"wp:attachment":[{"href":"https:\/\/www.ministeriodegobierno.gob.ec\/derechoshumanos\/wp-json\/wp\/v2\/media?parent=9014"}],"wp:term":[{"taxonomy":"category","embeddable":true,"href":"https:\/\/www.ministeriodegobierno.gob.ec\/derechoshumanos\/wp-json\/wp\/v2\/categories?post=9014"},{"taxonomy":"post_tag","embeddable":true,"href":"https:\/\/www.ministeriodegobierno.gob.ec\/derechoshumanos\/wp-json\/wp\/v2\/tags?post=9014"}],"curies":[{"name":"wp","href":"https:\/\/api.w.org\/{rel}","templated":true}]}}