{"id":9017,"date":"2021-05-06T21:16:11","date_gmt":"2021-05-07T02:16:11","guid":{"rendered":"https:\/\/www.derechoshumanos.gob.ec\/?p=9017"},"modified":"2021-05-06T21:16:14","modified_gmt":"2021-05-07T02:16:14","slug":"secretaria-de-derechos-humanos-cecilia-chacon-se-reunio-con-representantes-de-centros-de-atencion-integral-y-casas-de-acogida-a-escala-nacional","status":"publish","type":"post","link":"https:\/\/www.ministeriodegobierno.gob.ec\/derechoshumanos\/2021\/05\/06\/secretaria-de-derechos-humanos-cecilia-chacon-se-reunio-con-representantes-de-centros-de-atencion-integral-y-casas-de-acogida-a-escala-nacional\/","title":{"rendered":"Secretaria de Derechos Humanos, Cecilia Chac\u00f3n se reuni\u00f3 con representantes de Centros de Atenci\u00f3n Integral y Casas de Acogida a escala nacional"},"content":{"rendered":"\n<p class=\"wp-block-paragraph\"><\/p>\n\n\n\n<p class=\"wp-block-paragraph\"><strong>Quito, Ecuador.- <\/strong>La secretaria de\nDerechos Humanos, Cecilia Chac\u00f3n, se reuni\u00f3 con representantes de las\norganizaciones sociales, con quienes esta cartera de Estado tiene convenios\nde Cooperaci\u00f3n T\u00e9cnica Financiera para el fortalecimiento de la atenci\u00f3n\nintegral a v\u00edctimas de violencia de g\u00e9nero, mediante el servicio que brindan\nlos Centros de Atenci\u00f3n Integral y Casas de Acogida. <\/p>\n\n\n\n<p class=\"wp-block-paragraph\">En esta reuni\u00f3n virtual la m\u00e1xima autoridad\nde la SDH, inform\u00f3 sobre el presupuesto existente en esta instituci\u00f3n, mismo que\ngarantiza el cumplimiento de las obligaciones del Estado ecuatoriano con la\nprevenci\u00f3n, atenci\u00f3n y protecci\u00f3n de las v\u00edctimas de violencia intrafamiliar y\nde g\u00e9nero. <\/p>\n\n\n\n<p class=\"wp-block-paragraph\"><strong><em>\u201c<\/em><\/strong><strong><em>El d\u00eda de hoy hemos\ncompartido con las representantes de Casas de Acogida y Centros de Atenci\u00f3n\nIntegral, que los recursos para el a\u00f1o 2021 han sido garantizados para\ncontinuar con los servicios prestados para la atenci\u00f3n a mujeres, ni\u00f1as, ni\u00f1os\ny adolescentes v\u00edctimas de violencia\u201d,<\/em><\/strong><strong>&nbsp; <\/strong>se\u00f1al\u00f3 la secretaria. <strong><\/strong><\/p>\n\n\n\n<p class=\"wp-block-paragraph\">Es importante\nse\u00f1alar que solo en el a\u00f1o 2020 las 5 Casas de Acogida, con las que se tiene\nconvenio, acogieron a 1.842 mujeres y sus hijos e hijas quienes se encontraban\nen situaciones de alto riesgo por violencia, as\u00ed mismo los 16 Centros de\nAtenci\u00f3n Integral brindaron atenci\u00f3n a 28.202 usuarias a escala nacional. <\/p>\n\n\n\n<p class=\"wp-block-paragraph\">Con este\nencuentro de di\u00e1logo y presentaci\u00f3n de resultados la Secretaria de Derechos\nHumanos contin\u00faa con el proceso de transici\u00f3n de una manera responsable y\ntransparente. <\/p>\n","protected":false},"excerpt":{"rendered":"<p class=\"excerpt\">Quito, Ecuador.- La secretaria de Derechos Humanos, Cecilia Chac\u00f3n, se reuni\u00f3 con representantes de las organizaciones sociales, con quienes esta cartera de Estado tiene convenios de Cooperaci\u00f3n T\u00e9cnica Financiera para el fortalecimiento de la atenci\u00f3n integral a v\u00edctimas de violencia de g\u00e9nero, mediante el servicio que brindan los Centros de Atenci\u00f3n Integral y Casas de Acogida. En esta reuni\u00f3n virtual&hellip; <a href=\"https:\/\/www.ministeriodegobierno.gob.ec\/derechoshumanos\/2021\/05\/06\/secretaria-de-derechos-humanos-cecilia-chacon-se-reunio-con-representantes-de-centros-de-atencion-integral-y-casas-de-acogida-a-escala-nacional\/\">Read more &rarr;<\/a><\/p>\n","protected":false},"author":6,"featured_media":9039,"comment_status":"closed","ping_status":"closed","sticky":false,"template":"","format":"standard","meta":{"footnotes":""},"categories":[20,5,6],"tags":[],"class_list":["post-9017","post","type-post","status-publish","format-standard","has-post-thumbnail","hentry","category-boletin-de-prensa","category-noticias","category-noticias-destacadas","xfolkentry"],"_links":{"self":[{"href":"https:\/\/www.ministeriodegobierno.gob.ec\/derechoshumanos\/wp-json\/wp\/v2\/posts\/9017","targetHints":{"allow":["GET"]}}],"collection":[{"href":"https:\/\/www.ministeriodegobierno.gob.ec\/derechoshumanos\/wp-json\/wp\/v2\/posts"}],"about":[{"href":"https:\/\/www.ministeriodegobierno.gob.ec\/derechoshumanos\/wp-json\/wp\/v2\/types\/post"}],"author":[{"embeddable":true,"href":"https:\/\/www.ministeriodegobierno.gob.ec\/derechoshumanos\/wp-json\/wp\/v2\/users\/6"}],"replies":[{"embeddable":true,"href":"https:\/\/www.ministeriodegobierno.gob.ec\/derechoshumanos\/wp-json\/wp\/v2\/comments?post=9017"}],"version-history":[{"count":1,"href":"https:\/\/www.ministeriodegobierno.gob.ec\/derechoshumanos\/wp-json\/wp\/v2\/posts\/9017\/revisions"}],"predecessor-version":[{"id":9040,"href":"https:\/\/www.ministeriodegobierno.gob.ec\/derechoshumanos\/wp-json\/wp\/v2\/posts\/9017\/revisions\/9040"}],"wp:featuredmedia":[{"embeddable":true,"href":"https:\/\/www.ministeriodegobierno.gob.ec\/derechoshumanos\/wp-json\/wp\/v2\/media\/9039"}],"wp:attachment":[{"href":"https:\/\/www.ministeriodegobierno.gob.ec\/derechoshumanos\/wp-json\/wp\/v2\/media?parent=9017"}],"wp:term":[{"taxonomy":"category","embeddable":true,"href":"https:\/\/www.ministeriodegobierno.gob.ec\/derechoshumanos\/wp-json\/wp\/v2\/categories?post=9017"},{"taxonomy":"post_tag","embeddable":true,"href":"https:\/\/www.ministeriodegobierno.gob.ec\/derechoshumanos\/wp-json\/wp\/v2\/tags?post=9017"}],"curies":[{"name":"wp","href":"https:\/\/api.w.org\/{rel}","templated":true}]}}