{"id":9042,"date":"2021-05-07T11:29:29","date_gmt":"2021-05-07T16:29:29","guid":{"rendered":"https:\/\/www.derechoshumanos.gob.ec\/?p=9042"},"modified":"2021-05-07T11:29:33","modified_gmt":"2021-05-07T16:29:33","slug":"la-secretaria-de-derechos-humanos-participo-en-el-webinar-activacion-economica-y-empoderamiento-de-los-derechos-de-las-mujeres-en-ecuador-y-australia","status":"publish","type":"post","link":"https:\/\/www.ministeriodegobierno.gob.ec\/derechoshumanos\/2021\/05\/07\/la-secretaria-de-derechos-humanos-participo-en-el-webinar-activacion-economica-y-empoderamiento-de-los-derechos-de-las-mujeres-en-ecuador-y-australia\/","title":{"rendered":"La secretaria de Derechos Humanos particip\u00f3 en el webinar \u00abActivaci\u00f3n econ\u00f3mica y empoderamiento de los derechos de las mujeres en Ecuador y Australia\u00bb"},"content":{"rendered":"\n<p class=\"wp-block-paragraph\"><strong>Quito, Ecuador._ <\/strong>Cecilia\nChac\u00f3n, secretaria de Derechos Humanos, particip\u00f3 en el\nwebinar \u00abActivaci\u00f3n econ\u00f3mica y empoderamiento de los derechos de\nlas mujeres en Ecuador y Australia\u00bb, donde expuso el proyecto <strong><em>\u201cEconom\u00eda\nVioleta, pol\u00edtica para la promoci\u00f3n en derechos y el empoderamiento econ\u00f3mico\nde las mujeres durante y post COVID-19\u201d<\/em><\/strong>, este acto virtual fue organizado\npor la Embajada del Ecuador en Australia, el\nCentro Nacional Australiano de Estudios Latinoamericanos (ANCLAS) y el\nInstituto de G\u00e9nero ANU. <\/p>\n\n\n\n<p class=\"wp-block-paragraph\">El\nobjetivo de este encuentro fue dialogar las estrategias empleadas por Ecuador y\nAustralia para empoderar y facilitar la activaci\u00f3n econ\u00f3mica a las mujeres en\nel contexto de los planes nacionales de recuperaci\u00f3n de COVID-`19.<\/p>\n\n\n\n<p class=\"wp-block-paragraph\">La\nm\u00e1xima autoridad de esta cartera de Estado, mencion\u00f3 que la rehabilitaci\u00f3n\necon\u00f3mica del Ecuador requiere una recuperaci\u00f3n de la producci\u00f3n en demanda de\nproductos y servicios, ya que las mujeres hist\u00f3ricamente han mantenido un\ndecadente espacio laboral, en este sentido, mencion\u00f3: <strong><em>\u00ab<\/em><\/strong><strong><em>Planteamos la propuesta \u201cEconom\u00eda Violeta\u201d, ya que todos los pa\u00edses van\npor el mismo camino, es decir, la reactivaci\u00f3n global, pero sin mujeres no se\npuede lograr este objetivo\u00bb.<\/em><\/strong>\n<\/p>\n\n\n\n<p class=\"wp-block-paragraph\">As\u00ed\nmismo, explic\u00f3 que el proyecto busca promover el proceso de cr\u00e9ditos para el\nemprendimiento productivo de peque\u00f1as y medianas empresas, as\u00ed como, incentivar\nel sello violeta que es una estrategia para sostener el empleo de la mujeres\ncon el fin de prevenir y erradicar la violencia. <\/p>\n\n\n\n<p class=\"wp-block-paragraph\">Adem\u00e1s,\nla Secretaria de Derechos Humanos, recalc\u00f3 que los componentes estrat\u00e9gicos de \u201cEconom\u00eda\nVioleta\u201d es el empoderamiento de las mujeres para la toma de decisiones\nefectivas para ellas y sus familias, as\u00ed como, el fortalecimiento de sus\ncapacidades. <strong><em>\u201cCon Econom\u00eda Violeta aspiramos que un mill\u00f3n de mujeres en el pa\u00eds sea\nuna poblaci\u00f3n activamente econ\u00f3mica y puedan sostener sus hogares\u201d<\/em><\/strong>,\nenfatiz\u00f3 Chac\u00f3n. <\/p>\n\n\n\n<p class=\"wp-block-paragraph\">Finalmente,\nmencion\u00f3 que este proyecto es una motivaci\u00f3n del esfuerzo del presidente Len\u00edn\nMoreno para evitar pobreza, desnutrici\u00f3n de familias, deserci\u00f3n escolar y la\nviolencia contra las mujeres.<\/p>\n\n\n\n<p class=\"wp-block-paragraph\">En\neste evento tambi\u00e9n participaron autoridades como: Xavier Lazo, ministro de\nAgricultura y Ganader\u00eda; Saylle Moyle, representante del Instituto de G\u00e9nero de\nANU; Caroline Schuster, directora de ANCLAS y Carly O\u2019Keefe, jefa de Marketing\nde Aware Super.<\/p>\n\n\n\n<p class=\"wp-block-paragraph\"><strong>Para mayor informaci\u00f3n <\/strong><\/p>\n\n\n\n<p class=\"wp-block-paragraph\"><strong>Direcci\u00f3n de\nComunicaci\u00f3n \u2013 Secretar\u00eda de Derechos Humanos<\/strong><\/p>\n","protected":false},"excerpt":{"rendered":"<p class=\"excerpt\">Quito, Ecuador._ Cecilia Chac\u00f3n, secretaria de Derechos Humanos, particip\u00f3 en el webinar \u00abActivaci\u00f3n econ\u00f3mica y empoderamiento de los derechos de las mujeres en Ecuador y Australia\u00bb, donde expuso el proyecto \u201cEconom\u00eda Violeta, pol\u00edtica para la promoci\u00f3n en derechos y el empoderamiento econ\u00f3mico de las mujeres durante y post COVID-19\u201d, este acto virtual fue organizado por la Embajada del Ecuador en&hellip; <a href=\"https:\/\/www.ministeriodegobierno.gob.ec\/derechoshumanos\/2021\/05\/07\/la-secretaria-de-derechos-humanos-participo-en-el-webinar-activacion-economica-y-empoderamiento-de-los-derechos-de-las-mujeres-en-ecuador-y-australia\/\">Read more &rarr;<\/a><\/p>\n","protected":false},"author":8,"featured_media":9043,"comment_status":"closed","ping_status":"closed","sticky":false,"template":"","format":"standard","meta":{"footnotes":""},"categories":[20,5,6],"tags":[],"class_list":["post-9042","post","type-post","status-publish","format-standard","has-post-thumbnail","hentry","category-boletin-de-prensa","category-noticias","category-noticias-destacadas","xfolkentry"],"_links":{"self":[{"href":"https:\/\/www.ministeriodegobierno.gob.ec\/derechoshumanos\/wp-json\/wp\/v2\/posts\/9042","targetHints":{"allow":["GET"]}}],"collection":[{"href":"https:\/\/www.ministeriodegobierno.gob.ec\/derechoshumanos\/wp-json\/wp\/v2\/posts"}],"about":[{"href":"https:\/\/www.ministeriodegobierno.gob.ec\/derechoshumanos\/wp-json\/wp\/v2\/types\/post"}],"author":[{"embeddable":true,"href":"https:\/\/www.ministeriodegobierno.gob.ec\/derechoshumanos\/wp-json\/wp\/v2\/users\/8"}],"replies":[{"embeddable":true,"href":"https:\/\/www.ministeriodegobierno.gob.ec\/derechoshumanos\/wp-json\/wp\/v2\/comments?post=9042"}],"version-history":[{"count":1,"href":"https:\/\/www.ministeriodegobierno.gob.ec\/derechoshumanos\/wp-json\/wp\/v2\/posts\/9042\/revisions"}],"predecessor-version":[{"id":9044,"href":"https:\/\/www.ministeriodegobierno.gob.ec\/derechoshumanos\/wp-json\/wp\/v2\/posts\/9042\/revisions\/9044"}],"wp:featuredmedia":[{"embeddable":true,"href":"https:\/\/www.ministeriodegobierno.gob.ec\/derechoshumanos\/wp-json\/wp\/v2\/media\/9043"}],"wp:attachment":[{"href":"https:\/\/www.ministeriodegobierno.gob.ec\/derechoshumanos\/wp-json\/wp\/v2\/media?parent=9042"}],"wp:term":[{"taxonomy":"category","embeddable":true,"href":"https:\/\/www.ministeriodegobierno.gob.ec\/derechoshumanos\/wp-json\/wp\/v2\/categories?post=9042"},{"taxonomy":"post_tag","embeddable":true,"href":"https:\/\/www.ministeriodegobierno.gob.ec\/derechoshumanos\/wp-json\/wp\/v2\/tags?post=9042"}],"curies":[{"name":"wp","href":"https:\/\/api.w.org\/{rel}","templated":true}]}}