{"id":9046,"date":"2021-05-07T15:57:55","date_gmt":"2021-05-07T20:57:55","guid":{"rendered":"https:\/\/www.derechoshumanos.gob.ec\/?p=9046"},"modified":"2021-05-07T15:57:56","modified_gmt":"2021-05-07T20:57:56","slug":"secretaria-de-derechos-humanos-cecilia-chacon-presento-informe-de-gestion-de-la-comision-mixta-nacional-de-acceso-a-la-justicia-del-ecuador","status":"publish","type":"post","link":"https:\/\/www.ministeriodegobierno.gob.ec\/derechoshumanos\/2021\/05\/07\/secretaria-de-derechos-humanos-cecilia-chacon-presento-informe-de-gestion-de-la-comision-mixta-nacional-de-acceso-a-la-justicia-del-ecuador\/","title":{"rendered":"Secretaria de Derechos Humanos, Cecilia Chac\u00f3n present\u00f3 informe de gesti\u00f3n de la Comisi\u00f3n Mixta Nacional de Acceso a la Justicia del Ecuador"},"content":{"rendered":"\n<p class=\"wp-block-paragraph\"><\/p>\n\n\n\n<p class=\"wp-block-paragraph\"><strong>Quito, Ecuador.- <\/strong>La secretaria de\nDerechos Humanos, Cecilia Chac\u00f3n, en calidad de presidenta de la &nbsp;Comisi\u00f3n Mixta Nacional de Acceso a la\nJusticia del Ecuador, present\u00f3 el informe de gesti\u00f3n, ejecutada por intermedio\nde la subcomisi\u00f3n t\u00e9cnica y subcomisiones especializadas durante el periodo de septiembre\n2019&nbsp; a diciembre 2020.<\/p>\n\n\n\n<p class=\"wp-block-paragraph\">Cecilia Chac\u00f3n inici\u00f3 su intervenci\u00f3n indicando\nque en septiembre de 2019 recibi\u00f3 la designaci\u00f3n&nbsp; para ser la Presidenta de esta Comisi\u00f3n de\nencuentro entre el Ejecutivo y el Sistema de Justicia, <strong><em>\u201ceste mecanismo es \u00fanico en su clase en Am\u00e9rica Latina y &nbsp;de gran validez como experiencia, reconocido\ntambi\u00e9n por la sociedad civil que sigue de cerca nuestro proceso; que busca\nfacilitar y acercar el acceso a la justicia a ni\u00f1os, ni\u00f1as, adolescentes y\nmujeres v\u00edctimas de violencia\u201d,<\/em><\/strong> se\u00f1al\u00f3. <\/p>\n\n\n\n<p class=\"wp-block-paragraph\">Indic\u00f3 adem\u00e1s que en cumplimiento al Acuerdo y su\nReglamento de Funcionamiento, la labor se ha desarrollado en torno a tres ejes:<\/p>\n\n\n\n<ol class=\"wp-block-list\"><li>An\u00e1lisis de los nudos cr\u00edticos y planteamiento de soluciones concretas a\nser adoptadas por la Comisi\u00f3n en el tema de la judicializaci\u00f3n, investigaci\u00f3n\nespecializada y reparaci\u00f3n integral a las v\u00edctimas en los il\u00edcitos de violencia\nsexual y del femicidio, donde se trabaja de manera conjunta para establecer\nsoluciones para la mejor aplicaci\u00f3n al Otorgar Medidas de Protecci\u00f3n a Mujeres\nV\u00edctimas de Violencia, se activaron mesas provinciales para determinar las\nfallas del sistema desde lo local, tambi\u00e9n se construye el Protocolo de\nActuaci\u00f3n Interinstitucional para la Detecci\u00f3n, Atenci\u00f3n, Protecci\u00f3n y Judicializaci\u00f3n\nde casos, entre otras acciones. <\/li><\/ol>\n\n\n\n<ul class=\"wp-block-list\"><li>Homologaci\u00f3n de los registros de los il\u00edcitos de violencia de entre los\n\u00f3rganos que conforman la Comisi\u00f3n, conforme a los alcances y conceptos\ndeterminados en los est\u00e1ndares internacionales de Derechos Humanos, para esto\nse realiz\u00f3 un diagn\u00f3stico para generar una base de datos de violencia sexual en\nel sistema educativo, tambi\u00e9n se coordina con el Ministerio de Gobierno para la\nhomologaci\u00f3n de la data de los il\u00edcitos de violencia durante el estado de\nemergencia que maneja esa instancia, entre otras. <\/li><\/ul>\n\n\n\n<ul class=\"wp-block-list\"><li>An\u00e1lisis de las reformas propuestas por la Asamblea Nacional al COIP; (ya\nrealizado por la Subcomisi\u00f3n T\u00e9cnica y entregado a Presidencia de la\nRep\u00fablica); an\u00e1lisis del Reglamento a la Ley Org\u00e1nica Integral para Prevenir y\nErradicar la Violencia contra las Mujeres; y an\u00e1lisis de la propuesta de\nreformas al C\u00f3digo Org\u00e1nico de la Ni\u00f1ez y la Adolescencia, en este sentido se\nentreg\u00f3 un informe a la Presidencia de la Rep\u00fablica con las observaciones a la\nLey Org\u00e1nica Reformatoria al COIP, particularmente en lo referente a\nprocedimiento especial y expedito, tambi\u00e9n la sociedad civil, por medio de la\nSubcomisi\u00f3n de Diagn\u00f3stico y Estado de Situaci\u00f3n, ha&nbsp; entregado&nbsp;\ninformaci\u00f3n&nbsp; en&nbsp; donde&nbsp;\nse&nbsp; identifican&nbsp; nudos&nbsp;\ncr\u00edticos&nbsp; y&nbsp; se&nbsp;\nproponen iniciativas y reformas legales. <\/li><\/ul>\n\n\n\n<p class=\"wp-block-paragraph\">Para concluir la presentaci\u00f3n de este informe la\nSecretaria de Derechos Humanos, agradeci\u00f3 a las autoridades de las\ninstituciones que conforman esta Comisi\u00f3n y reconoci\u00f3 el alto nivel de los\nfuncionarios que trabajan en la Subcomisi\u00f3n T\u00e9cnica por la articulaci\u00f3n\ninterinstitucional, que en su primer a\u00f1o consigui\u00f3 grandes logros para el\nacceso a la justicia de ni\u00f1as, ni\u00f1os, adolescentes y mujeres, v\u00edctimas de\nviolencia. <\/p>\n","protected":false},"excerpt":{"rendered":"<p class=\"excerpt\">Quito, Ecuador.- La secretaria de Derechos Humanos, Cecilia Chac\u00f3n, en calidad de presidenta de la &nbsp;Comisi\u00f3n Mixta Nacional de Acceso a la Justicia del Ecuador, present\u00f3 el informe de gesti\u00f3n, ejecutada por intermedio de la subcomisi\u00f3n t\u00e9cnica y subcomisiones especializadas durante el periodo de septiembre 2019&nbsp; a diciembre 2020. Cecilia Chac\u00f3n inici\u00f3 su intervenci\u00f3n indicando que en septiembre de 2019&hellip; <a href=\"https:\/\/www.ministeriodegobierno.gob.ec\/derechoshumanos\/2021\/05\/07\/secretaria-de-derechos-humanos-cecilia-chacon-presento-informe-de-gestion-de-la-comision-mixta-nacional-de-acceso-a-la-justicia-del-ecuador\/\">Read more &rarr;<\/a><\/p>\n","protected":false},"author":6,"featured_media":9047,"comment_status":"closed","ping_status":"closed","sticky":false,"template":"","format":"standard","meta":{"footnotes":""},"categories":[20,5,6],"tags":[],"class_list":["post-9046","post","type-post","status-publish","format-standard","has-post-thumbnail","hentry","category-boletin-de-prensa","category-noticias","category-noticias-destacadas","xfolkentry"],"_links":{"self":[{"href":"https:\/\/www.ministeriodegobierno.gob.ec\/derechoshumanos\/wp-json\/wp\/v2\/posts\/9046","targetHints":{"allow":["GET"]}}],"collection":[{"href":"https:\/\/www.ministeriodegobierno.gob.ec\/derechoshumanos\/wp-json\/wp\/v2\/posts"}],"about":[{"href":"https:\/\/www.ministeriodegobierno.gob.ec\/derechoshumanos\/wp-json\/wp\/v2\/types\/post"}],"author":[{"embeddable":true,"href":"https:\/\/www.ministeriodegobierno.gob.ec\/derechoshumanos\/wp-json\/wp\/v2\/users\/6"}],"replies":[{"embeddable":true,"href":"https:\/\/www.ministeriodegobierno.gob.ec\/derechoshumanos\/wp-json\/wp\/v2\/comments?post=9046"}],"version-history":[{"count":1,"href":"https:\/\/www.ministeriodegobierno.gob.ec\/derechoshumanos\/wp-json\/wp\/v2\/posts\/9046\/revisions"}],"predecessor-version":[{"id":9048,"href":"https:\/\/www.ministeriodegobierno.gob.ec\/derechoshumanos\/wp-json\/wp\/v2\/posts\/9046\/revisions\/9048"}],"wp:featuredmedia":[{"embeddable":true,"href":"https:\/\/www.ministeriodegobierno.gob.ec\/derechoshumanos\/wp-json\/wp\/v2\/media\/9047"}],"wp:attachment":[{"href":"https:\/\/www.ministeriodegobierno.gob.ec\/derechoshumanos\/wp-json\/wp\/v2\/media?parent=9046"}],"wp:term":[{"taxonomy":"category","embeddable":true,"href":"https:\/\/www.ministeriodegobierno.gob.ec\/derechoshumanos\/wp-json\/wp\/v2\/categories?post=9046"},{"taxonomy":"post_tag","embeddable":true,"href":"https:\/\/www.ministeriodegobierno.gob.ec\/derechoshumanos\/wp-json\/wp\/v2\/tags?post=9046"}],"curies":[{"name":"wp","href":"https:\/\/api.w.org\/{rel}","templated":true}]}}