{"id":9147,"date":"2021-05-12T15:47:05","date_gmt":"2021-05-12T20:47:05","guid":{"rendered":"https:\/\/www.derechoshumanos.gob.ec\/?p=9147"},"modified":"2021-05-12T15:47:06","modified_gmt":"2021-05-12T20:47:06","slug":"la-secretaria-de-derechos-humanos-presento-el-sistema-informatico-de-seguimiento-a-las-medidas-administrativas-de-proteccion-inmediata-al-alcalde-de-cuenca","status":"publish","type":"post","link":"https:\/\/www.ministeriodegobierno.gob.ec\/derechoshumanos\/2021\/05\/12\/la-secretaria-de-derechos-humanos-presento-el-sistema-informatico-de-seguimiento-a-las-medidas-administrativas-de-proteccion-inmediata-al-alcalde-de-cuenca\/","title":{"rendered":"La Secretar\u00eda de Derechos Humanos present\u00f3 el Sistema Inform\u00e1tico de Seguimiento a las Medidas Administrativas de Protecci\u00f3n Inmediata al Alcalde de Cuenca"},"content":{"rendered":"\n<p class=\"wp-block-paragraph\"><strong>Cuenca, Ecuador.- <\/strong>&nbsp;&nbsp;La\nSecretar\u00eda de Derechos Humanos por medio de la directora zonal 6, Carmen\nBarreto, present\u00f3 al alcalde de Cuenca Pedro Palacios y a la concejala Paola\nFlores, el Sistema Inform\u00e1tico de Seguimiento a las Medidas Administrativas de\nProtecci\u00f3n Inmediata (SISMAPI), mismo que fue desarrollado conjuntamente con la\nUniversidad Cat\u00f3lica de Cuenca. <\/p>\n\n\n\n<p class=\"wp-block-paragraph\">Conjuntamente con el\nt\u00e9cnico programador Oscar Calle, estudiante de la Universidad, Carmen Barreto, expuso\nla herramienta que tiene como objetivo, contribuir al fortalecimiento de las Juntas\nCantonales de Protecci\u00f3n de Derechos en la Zona 6, por medio del uso y\naplicaci\u00f3n del SISMAPI, mismo que permite monitorear y dar seguimiento al\ncumplimiento de las Medidas de Protecci\u00f3n Inmediata que se emiten diariamente;\ny as\u00ed fortalecer la referencia y contra referencia con las entidades del\nSistema Nacional de Prevenci\u00f3n y Erradicaci\u00f3n de la Violencia contra las\nMujeres en lo local; permitiendo: <\/p>\n\n\n\n<ol class=\"wp-block-list\"><li>&nbsp;&nbsp;Agilitar los procesos de emisi\u00f3n de Medidas\nAdministrativas de Protecci\u00f3n Inmediata desde las Juntas Cantonales,\noptimizando recursos y fortaleciendo capacidades locales.<\/li><li>Generar reportes estad\u00edsticos de violencia, que\ncontribuyan a la toma de decisiones y a la generaci\u00f3n de pol\u00edtica p\u00fablica en lo\nlocal y aporte a lo zonal y nacional.<\/li><li>&nbsp;&nbsp;Mejorar la coordinaci\u00f3n y articulaci\u00f3n de\nacciones de las entidades que forman parte del Sistema Nacional Integral de\nPrevenci\u00f3n y Erradicaci\u00f3n de la Violencia contra las Mujeres. <\/li><li>Fortalecer el rol coordinador de la Secretar\u00eda\nde Derechos Humanos<\/li><\/ol>\n\n\n\n<p class=\"wp-block-paragraph\">La Directora zonal 6, se\u00f1al\u00f3: <strong>\u201c<em>el SISMAPI, fue construido con el aporte de\ntodas las Juntas Cantonales de Protecci\u00f3n de Derechos de la zona 6, y los\nmiembros de las dos Juntas de Cuenca, quienes se sumaron a las discusiones y\ndise\u00f1o inicial a finales del 2019; el proyecto toma forma en marzo del 2020, y\nni la pandemia nos detuvo para lograr concretarlo. Cada GAD en funci\u00f3n de sus necesidades\nse han ido sumando en su construcci\u00f3n, y ahora a su aplicabilidad\u201d.<\/em><\/strong><strong><\/strong><\/p>\n\n\n\n<p class=\"wp-block-paragraph\"><strong>Para mayor informaci\u00f3n <\/strong><\/p>\n\n\n\n<p class=\"wp-block-paragraph\"><strong>Direcci\u00f3n de Comunicaci\u00f3n \u2013 Secretar\u00eda de\nDerechos Humanos<\/strong><\/p>\n","protected":false},"excerpt":{"rendered":"<p class=\"excerpt\">Cuenca, Ecuador.- &nbsp;&nbsp;La Secretar\u00eda de Derechos Humanos por medio de la directora zonal 6, Carmen Barreto, present\u00f3 al alcalde de Cuenca Pedro Palacios y a la concejala Paola Flores, el Sistema Inform\u00e1tico de Seguimiento a las Medidas Administrativas de Protecci\u00f3n Inmediata (SISMAPI), mismo que fue desarrollado conjuntamente con la Universidad Cat\u00f3lica de Cuenca. Conjuntamente con el t\u00e9cnico programador Oscar Calle,&hellip; <a href=\"https:\/\/www.ministeriodegobierno.gob.ec\/derechoshumanos\/2021\/05\/12\/la-secretaria-de-derechos-humanos-presento-el-sistema-informatico-de-seguimiento-a-las-medidas-administrativas-de-proteccion-inmediata-al-alcalde-de-cuenca\/\">Read more &rarr;<\/a><\/p>\n","protected":false},"author":8,"featured_media":9148,"comment_status":"closed","ping_status":"closed","sticky":false,"template":"","format":"standard","meta":{"footnotes":""},"categories":[20,5,6],"tags":[],"class_list":["post-9147","post","type-post","status-publish","format-standard","has-post-thumbnail","hentry","category-boletin-de-prensa","category-noticias","category-noticias-destacadas","xfolkentry"],"_links":{"self":[{"href":"https:\/\/www.ministeriodegobierno.gob.ec\/derechoshumanos\/wp-json\/wp\/v2\/posts\/9147","targetHints":{"allow":["GET"]}}],"collection":[{"href":"https:\/\/www.ministeriodegobierno.gob.ec\/derechoshumanos\/wp-json\/wp\/v2\/posts"}],"about":[{"href":"https:\/\/www.ministeriodegobierno.gob.ec\/derechoshumanos\/wp-json\/wp\/v2\/types\/post"}],"author":[{"embeddable":true,"href":"https:\/\/www.ministeriodegobierno.gob.ec\/derechoshumanos\/wp-json\/wp\/v2\/users\/8"}],"replies":[{"embeddable":true,"href":"https:\/\/www.ministeriodegobierno.gob.ec\/derechoshumanos\/wp-json\/wp\/v2\/comments?post=9147"}],"version-history":[{"count":1,"href":"https:\/\/www.ministeriodegobierno.gob.ec\/derechoshumanos\/wp-json\/wp\/v2\/posts\/9147\/revisions"}],"predecessor-version":[{"id":9149,"href":"https:\/\/www.ministeriodegobierno.gob.ec\/derechoshumanos\/wp-json\/wp\/v2\/posts\/9147\/revisions\/9149"}],"wp:featuredmedia":[{"embeddable":true,"href":"https:\/\/www.ministeriodegobierno.gob.ec\/derechoshumanos\/wp-json\/wp\/v2\/media\/9148"}],"wp:attachment":[{"href":"https:\/\/www.ministeriodegobierno.gob.ec\/derechoshumanos\/wp-json\/wp\/v2\/media?parent=9147"}],"wp:term":[{"taxonomy":"category","embeddable":true,"href":"https:\/\/www.ministeriodegobierno.gob.ec\/derechoshumanos\/wp-json\/wp\/v2\/categories?post=9147"},{"taxonomy":"post_tag","embeddable":true,"href":"https:\/\/www.ministeriodegobierno.gob.ec\/derechoshumanos\/wp-json\/wp\/v2\/tags?post=9147"}],"curies":[{"name":"wp","href":"https:\/\/api.w.org\/{rel}","templated":true}]}}