{"id":9150,"date":"2021-05-12T15:57:20","date_gmt":"2021-05-12T20:57:20","guid":{"rendered":"https:\/\/www.derechoshumanos.gob.ec\/?p=9150"},"modified":"2021-05-12T15:57:22","modified_gmt":"2021-05-12T20:57:22","slug":"en-pasaje-la-secretaria-de-derechos-humanos-atendio-a-adolescente-victima-de-violencia-sexual-fisica-y-psicologica","status":"publish","type":"post","link":"https:\/\/www.ministeriodegobierno.gob.ec\/derechoshumanos\/2021\/05\/12\/en-pasaje-la-secretaria-de-derechos-humanos-atendio-a-adolescente-victima-de-violencia-sexual-fisica-y-psicologica\/","title":{"rendered":"En Pasaje la Secretar\u00eda de Derechos Humanos atendi\u00f3 a adolescente v\u00edctima de violencia sexual, f\u00edsica y psicol\u00f3gica"},"content":{"rendered":"\n<p class=\"wp-block-paragraph\"><strong>Pasaje, Ecuador.- <\/strong>&nbsp;&nbsp;&nbsp;La Secretar\u00eda de Derechos Humanos\nactiv\u00f3 el Sistema de Protecci\u00f3n Integral (SPI), para brindar atenci\u00f3n\npsicosocial a adolescente de 16 a\u00f1os de edad, v\u00edctima de posible violencia\nsexual, f\u00edsica y psicol\u00f3gica por parte de su pareja. Caso remitido por la Junta\nCantonal de Protecci\u00f3n de Derechos.<\/p>\n\n\n\n<p class=\"wp-block-paragraph\">El equipo\nt\u00e9cnico del SPI Machala brind\u00f3 atenci\u00f3n inmediata a trav\u00e9s entrevista\npsicosocial realizada&nbsp;&nbsp; a referentes\nfamiliares maternos y recept\u00f3 informaci\u00f3n por medio de&nbsp; visita domiciliaria; las personas\nentrevistadas informan sobre los eventos de violencia&nbsp; sexual, f\u00edsica&nbsp; y&nbsp;\npsicol\u00f3gica que la v\u00edctima, recib\u00eda por parte de su conviviente de 22\na\u00f1os de edad, mismo que en la actualidad se encuentra privado de libertad por\ncausa de robo con intimidaci\u00f3n. <\/p>\n\n\n\n<p class=\"wp-block-paragraph\">&nbsp;Adem\u00e1s, se identific\u00f3 el riesgo en el cuidado\nejercido por la familia materna de la adolescente, con quienes se coordin\u00f3&nbsp; una pr\u00f3xima atenci\u00f3n y asistencia presencial\nde manera conjunta con la v\u00edctima; y la asistencia mediante trabajo social para\nel seguimiento del contexto donde se desenvuelve la adolescente y su hijo.<\/p>\n\n\n\n<p class=\"wp-block-paragraph\">Se coordin\u00f3 con\nla Junta Cantonal de Protecci\u00f3n de Derechos de la Ni\u00f1ez y Adolescencia del\ncant\u00f3n Pasaje, para la entrega de las medidas de protecci\u00f3n a favor de la\nv\u00edctima y su hijo, con el fin de velar por la restituci\u00f3n de sus derechos. <\/p>\n\n\n\n<p class=\"wp-block-paragraph\">Al respecto, M\u00f3nica Fierro Montalvo, coordinadora de la Oficina T\u00e9cnica,\ndijo <strong><em>\u201cdesde el inicio de la emergencia sanitaria esta cartera de Estado a\ntrav\u00e9s del Servicio de Protecci\u00f3n Integral en la Zona 7, est\u00e1 activada a fin de\nproporcionar atenci\u00f3n t\u00e9cnica, especializada sensible de manera integral\u201d.<\/em><\/strong><\/p>\n\n\n\n<p class=\"wp-block-paragraph\"><strong>Para mayor informaci\u00f3n <\/strong><\/p>\n\n\n\n<p class=\"wp-block-paragraph\"><strong>Direcci\u00f3n de Comunicaci\u00f3n \u2013 Secretar\u00eda de\nDerechos Humanos<\/strong><\/p>\n","protected":false},"excerpt":{"rendered":"<p class=\"excerpt\">Pasaje, Ecuador.- &nbsp;&nbsp;&nbsp;La Secretar\u00eda de Derechos Humanos activ\u00f3 el Sistema de Protecci\u00f3n Integral (SPI), para brindar atenci\u00f3n psicosocial a adolescente de 16 a\u00f1os de edad, v\u00edctima de posible violencia sexual, f\u00edsica y psicol\u00f3gica por parte de su pareja. Caso remitido por la Junta Cantonal de Protecci\u00f3n de Derechos. El equipo t\u00e9cnico del SPI Machala brind\u00f3 atenci\u00f3n inmediata a trav\u00e9s entrevista&hellip; <a href=\"https:\/\/www.ministeriodegobierno.gob.ec\/derechoshumanos\/2021\/05\/12\/en-pasaje-la-secretaria-de-derechos-humanos-atendio-a-adolescente-victima-de-violencia-sexual-fisica-y-psicologica\/\">Read more &rarr;<\/a><\/p>\n","protected":false},"author":8,"featured_media":8311,"comment_status":"closed","ping_status":"closed","sticky":false,"template":"","format":"standard","meta":{"footnotes":""},"categories":[20,5,6],"tags":[],"class_list":["post-9150","post","type-post","status-publish","format-standard","has-post-thumbnail","hentry","category-boletin-de-prensa","category-noticias","category-noticias-destacadas","xfolkentry"],"_links":{"self":[{"href":"https:\/\/www.ministeriodegobierno.gob.ec\/derechoshumanos\/wp-json\/wp\/v2\/posts\/9150","targetHints":{"allow":["GET"]}}],"collection":[{"href":"https:\/\/www.ministeriodegobierno.gob.ec\/derechoshumanos\/wp-json\/wp\/v2\/posts"}],"about":[{"href":"https:\/\/www.ministeriodegobierno.gob.ec\/derechoshumanos\/wp-json\/wp\/v2\/types\/post"}],"author":[{"embeddable":true,"href":"https:\/\/www.ministeriodegobierno.gob.ec\/derechoshumanos\/wp-json\/wp\/v2\/users\/8"}],"replies":[{"embeddable":true,"href":"https:\/\/www.ministeriodegobierno.gob.ec\/derechoshumanos\/wp-json\/wp\/v2\/comments?post=9150"}],"version-history":[{"count":1,"href":"https:\/\/www.ministeriodegobierno.gob.ec\/derechoshumanos\/wp-json\/wp\/v2\/posts\/9150\/revisions"}],"predecessor-version":[{"id":9151,"href":"https:\/\/www.ministeriodegobierno.gob.ec\/derechoshumanos\/wp-json\/wp\/v2\/posts\/9150\/revisions\/9151"}],"wp:featuredmedia":[{"embeddable":true,"href":"https:\/\/www.ministeriodegobierno.gob.ec\/derechoshumanos\/wp-json\/wp\/v2\/media\/8311"}],"wp:attachment":[{"href":"https:\/\/www.ministeriodegobierno.gob.ec\/derechoshumanos\/wp-json\/wp\/v2\/media?parent=9150"}],"wp:term":[{"taxonomy":"category","embeddable":true,"href":"https:\/\/www.ministeriodegobierno.gob.ec\/derechoshumanos\/wp-json\/wp\/v2\/categories?post=9150"},{"taxonomy":"post_tag","embeddable":true,"href":"https:\/\/www.ministeriodegobierno.gob.ec\/derechoshumanos\/wp-json\/wp\/v2\/tags?post=9150"}],"curies":[{"name":"wp","href":"https:\/\/api.w.org\/{rel}","templated":true}]}}