{"id":9152,"date":"2021-05-13T10:51:23","date_gmt":"2021-05-13T15:51:23","guid":{"rendered":"https:\/\/www.derechoshumanos.gob.ec\/?p=9152"},"modified":"2021-05-13T10:51:25","modified_gmt":"2021-05-13T15:51:25","slug":"la-secretaria-de-derechos-humanos-impartio-capacitacion-instituciones-seguras-libres-de-violencia-contra-las-mujeres-en-ibarra","status":"publish","type":"post","link":"https:\/\/www.ministeriodegobierno.gob.ec\/derechoshumanos\/2021\/05\/13\/la-secretaria-de-derechos-humanos-impartio-capacitacion-instituciones-seguras-libres-de-violencia-contra-las-mujeres-en-ibarra\/","title":{"rendered":"La Secretar\u00eda de Derechos Humanos imparti\u00f3 capacitaci\u00f3n \u201cInstituciones Seguras, Libres de Violencia contra las Mujeres\u201d en Ibarra"},"content":{"rendered":"\n<p class=\"wp-block-paragraph\"><strong>Ibarra,\nEcuador.-<\/strong> La zona\n1 de la Secretar\u00eda de Derechos Humanos en conjunto con la Secretar\u00eda T\u00e9cnica\n\u201cPlan Toda Una Vida\u201d y el Ministerio del Trabajo con el apoyo de la Cooperaci\u00f3n\nAlemana GIZ a trav\u00e9s de su programa PreViMujer, realiz\u00f3 la entrega de la\ncertificaci\u00f3n \u201cInstituci\u00f3n Libre de Violencia Contra la Mujer\u201d al Gobierno\nAut\u00f3nomo Descentralizado Municipal de Ibarra.<\/p>\n\n\n\n<p class=\"wp-block-paragraph\">La agenda de capacitaci\u00f3n se\nrealiz\u00f3 con el objetivo de sensibilizar a los servidores p\u00fablicos para entregar\nherramientas que permitan identificar hechos de violencia de g\u00e9nero y dar a\nconocer las responsabilidades que tiene el Estado y la sociedad en la\nprevenci\u00f3n y erradicaci\u00f3n de la violencia contra la mujer. <\/p>\n\n\n\n<p class=\"wp-block-paragraph\">Carlos Espinoza, director zonal 1,\nmencion\u00f3: <strong><em>\u201cLas organizaciones sociales impulsan y dan legitimidad a los procesos\nque se avanza en territorio; La obras de trabajo social son trabajo de coraz\u00f3n\nque llegan para quedarse\u201d.<\/em><\/strong><\/p>\n\n\n\n<p class=\"wp-block-paragraph\">Andrea\nScacco, alcaldesa de Ibarra, recalc\u00f3 que esta capacitaci\u00f3n es un logro\npersonal, en este sentido, expres\u00f3: <strong><em>\u201cSiento felicidad por esta certificaci\u00f3n y\nla situaci\u00f3n bastante compleja en la que me he tenido que desarrollar en el\n\u00e1mbito pol\u00edtico y personal, esto se convierte en mi propia vida y espero que\ntambi\u00e9n en la de ustedes como un logro profundo\u201d.<\/em><\/strong><\/p>\n\n\n\n<p class=\"wp-block-paragraph\">La\nSecretar\u00eda de Derechos Humanos con la articulaci\u00f3n interinstitucional se\ncompromete en continuar emprendiendo acciones para prevenir y erradicar la\nviolencia contra las mujeres<\/p>\n\n\n\n<p class=\"wp-block-paragraph\"><strong>Para mayor\ninformaci\u00f3n <\/strong><\/p>\n\n\n\n<p class=\"wp-block-paragraph\"><strong>Direcci\u00f3n de\nComunicaci\u00f3n \u2013 Secretar\u00eda de Derechos Humanos <\/strong><\/p>\n","protected":false},"excerpt":{"rendered":"<p class=\"excerpt\">Ibarra, Ecuador.- La zona 1 de la Secretar\u00eda de Derechos Humanos en conjunto con la Secretar\u00eda T\u00e9cnica \u201cPlan Toda Una Vida\u201d y el Ministerio del Trabajo con el apoyo de la Cooperaci\u00f3n Alemana GIZ a trav\u00e9s de su programa PreViMujer, realiz\u00f3 la entrega de la certificaci\u00f3n \u201cInstituci\u00f3n Libre de Violencia Contra la Mujer\u201d al Gobierno Aut\u00f3nomo Descentralizado Municipal de Ibarra.&hellip; <a href=\"https:\/\/www.ministeriodegobierno.gob.ec\/derechoshumanos\/2021\/05\/13\/la-secretaria-de-derechos-humanos-impartio-capacitacion-instituciones-seguras-libres-de-violencia-contra-las-mujeres-en-ibarra\/\">Read more &rarr;<\/a><\/p>\n","protected":false},"author":8,"featured_media":9153,"comment_status":"closed","ping_status":"closed","sticky":false,"template":"","format":"standard","meta":{"footnotes":""},"categories":[20,5,6],"tags":[],"class_list":["post-9152","post","type-post","status-publish","format-standard","has-post-thumbnail","hentry","category-boletin-de-prensa","category-noticias","category-noticias-destacadas","xfolkentry"],"_links":{"self":[{"href":"https:\/\/www.ministeriodegobierno.gob.ec\/derechoshumanos\/wp-json\/wp\/v2\/posts\/9152","targetHints":{"allow":["GET"]}}],"collection":[{"href":"https:\/\/www.ministeriodegobierno.gob.ec\/derechoshumanos\/wp-json\/wp\/v2\/posts"}],"about":[{"href":"https:\/\/www.ministeriodegobierno.gob.ec\/derechoshumanos\/wp-json\/wp\/v2\/types\/post"}],"author":[{"embeddable":true,"href":"https:\/\/www.ministeriodegobierno.gob.ec\/derechoshumanos\/wp-json\/wp\/v2\/users\/8"}],"replies":[{"embeddable":true,"href":"https:\/\/www.ministeriodegobierno.gob.ec\/derechoshumanos\/wp-json\/wp\/v2\/comments?post=9152"}],"version-history":[{"count":1,"href":"https:\/\/www.ministeriodegobierno.gob.ec\/derechoshumanos\/wp-json\/wp\/v2\/posts\/9152\/revisions"}],"predecessor-version":[{"id":9154,"href":"https:\/\/www.ministeriodegobierno.gob.ec\/derechoshumanos\/wp-json\/wp\/v2\/posts\/9152\/revisions\/9154"}],"wp:featuredmedia":[{"embeddable":true,"href":"https:\/\/www.ministeriodegobierno.gob.ec\/derechoshumanos\/wp-json\/wp\/v2\/media\/9153"}],"wp:attachment":[{"href":"https:\/\/www.ministeriodegobierno.gob.ec\/derechoshumanos\/wp-json\/wp\/v2\/media?parent=9152"}],"wp:term":[{"taxonomy":"category","embeddable":true,"href":"https:\/\/www.ministeriodegobierno.gob.ec\/derechoshumanos\/wp-json\/wp\/v2\/categories?post=9152"},{"taxonomy":"post_tag","embeddable":true,"href":"https:\/\/www.ministeriodegobierno.gob.ec\/derechoshumanos\/wp-json\/wp\/v2\/tags?post=9152"}],"curies":[{"name":"wp","href":"https:\/\/api.w.org\/{rel}","templated":true}]}}