{"id":9178,"date":"2021-05-14T16:47:01","date_gmt":"2021-05-14T21:47:01","guid":{"rendered":"https:\/\/www.derechoshumanos.gob.ec\/?p=9178"},"modified":"2021-05-14T16:47:01","modified_gmt":"2021-05-14T21:47:01","slug":"la-secretaria-de-derechos-humanos-presento-el-estado-de-situacion-del-proyecto-de-fortalecimiento-de-las-economias-comunitarias-en-los-territorios-de-los-pueblos-y-nacionalidades-indigenas-a","status":"publish","type":"post","link":"https:\/\/www.ministeriodegobierno.gob.ec\/derechoshumanos\/2021\/05\/14\/la-secretaria-de-derechos-humanos-presento-el-estado-de-situacion-del-proyecto-de-fortalecimiento-de-las-economias-comunitarias-en-los-territorios-de-los-pueblos-y-nacionalidades-indigenas-a\/","title":{"rendered":"La Secretar\u00eda de Derechos Humanos present\u00f3 el estado de situaci\u00f3n del \u201cProyecto de Fortalecimiento de las Econom\u00edas Comunitarias en los Territorios de los Pueblos y Nacionalidades Ind\u00edgenas, Afroecuatorianos y Montubios\u201d"},"content":{"rendered":"\n<p class=\"wp-block-paragraph\"><strong>Quito,\nEcuador<\/strong>. &nbsp;Este 14 de\nmayo,la Secretar\u00eda de Derechos\nHumanos (SDH), realiz\u00f3 la reuni\u00f3n virtual informativa sobre el estado de\nsituaci\u00f3n del \u201cProyecto de Fortalecimiento de las Econom\u00edas\nComunitarias en los Territorios de los Pueblos y Nacionalidades Ind\u00edgenas,\nAfroecuatorianos y Montubios\u201d (PROFECPIAM). <\/p>\n\n\n\n<p class=\"wp-block-paragraph\">El objetivo de esta reuni\u00f3n fue socializar a los representantes de las\nnacionalidades y pueblos, el avance, contenido definitivo del proyecto, tareas pendientes\ny el rol que deben desempa\u00f1ar las organizaciones de este sector. <\/p>\n\n\n\n<p class=\"wp-block-paragraph\">La m\u00e1xima autoridad de la SDH, Cecilia\nChac\u00f3n, mencion\u00f3 que en el proceso de transici\u00f3n del Gobierno, se ha incluido la\ninformaci\u00f3n del PROFECPIAM y recalc\u00f3 que este proyecto es pensado desde el\nenfoque territorial y sostenimiento hist\u00f3rico de pueblos y nacionalidades, as\u00ed\ncomo, tambi\u00e9n es una herramienta pol\u00edtica. <\/p>\n\n\n\n<p class=\"wp-block-paragraph\">\u201cLa Secretar\u00eda de Derechos Humanos se ha\nconvertido en un ente articulador para que &nbsp;sucedan y concreten las pol\u00edticas, este\nproyecto, es resultado de esa pr\u00e1ctica institucional, con la participaci\u00f3n de\namplios actores, por ello, ponemos a disposici\u00f3n los documentos del proyecto en\nla p\u00e1gina web <a href=\"http:\/\/www.ministeriodegobierno.gob.ec\/derechoshumanos\">www.ministeriodegobierno.gob.ec\/derechoshumanos<\/a>\na fin de que todas las personas interesadas accedan a la informaci\u00f3n, como\nejercicio de transparencia de esta cartera de Estado\u201d, enfatiz\u00f3 Chac\u00f3n. <\/p>\n\n\n\n<p class=\"wp-block-paragraph\">Este proyecto cont\u00f3 con la participaci\u00f3n voluntaria de las principales\norganizaciones de las Nacionalidades y Pueblos; Ind\u00edgenas, Afroecuatorianos y\nMontubios, a trav\u00e9s de sus delegados t\u00e9cnicos, adem\u00e1s de especialistas y\nexpertos en el tema, como de funcionarios de diversas instituciones p\u00fablicas y\nun amplio equipo del Banco Mundial.<\/p>\n\n\n\n<p class=\"wp-block-paragraph\">Diana Pizarro, co &#8211; gerente\ndel PROFECPIAM por el Banco Mundial (BM), recalc\u00f3 que el dise\u00f1o del proyecto se\nencuentra intacto haciendo alusi\u00f3n a las propuestas que se plasmaron desde un\ninicio, como son la visi\u00f3n, planificaci\u00f3n territorial, seguridad y soberan\u00eda\nalimentaria, empleo, acceso de oportunidades para profesionalizarse, entre\notros. <\/p>\n\n\n\n<p class=\"wp-block-paragraph\">\u201cMe alegra mucho que\nhayamos llegado a este momento, el dise\u00f1o est\u00e1 intacto, este proyecto es de\nPueblos y Nacionalidades, no duden que cuentan con el respaldo del Banco\nMundial\u201d, dijo Pizarro. <\/p>\n\n\n\n<p class=\"wp-block-paragraph\">As\u00ed\nmismo, el subsecretario de Pueblos y Nacionalidades, Luis Maldonado Ruiz,\nbrind\u00f3 una referencia\nhist\u00f3rica del proyecto y mencion\u00f3 que la motivaci\u00f3n de este trabajo se inscribi\u00f3 en respuesta a promover los\nderechos colectivos, a concretizar las pol\u00edticas contempladas en los planes de\ndesarrollo, la agendas de igualdad y a las demandas espec\u00edficas planteadas en\nlos di\u00e1logos entre el gobierno y las Nacionalidades y Pueblos.<\/p>\n\n\n\n<p class=\"wp-block-paragraph\">\u201cHoy\nconcluimos la gesti\u00f3n de la Secretar\u00eda de Derechos Humanos con un proyecto\nestrat\u00e9gico, listo para su ejecuci\u00f3n, el mismo que debe ser sostenido desde las\norganizaciones sociales\u201d, recalc\u00f3 el Subsecretario de Pueblos y Nacionalidades.&nbsp; <\/p>\n\n\n\n<p class=\"wp-block-paragraph\">En el desarrollo de este encuentro participaron grupos como la Confederaci\u00f3n de Nacionalidades Ind\u00edgenas del Ecuador (CONAIE) , Federaci\u00f3n Ecuatoriana de Ind\u00edgenas Evang\u00e9licos (FEINE), Fundaci\u00f3n Grupo Apoyo, Pueblo Montubio del Litoral, Pueblo Afroecuatoriano, FECONIC, CORMOLIT, Expertos Independientes en Proyectos Internacionales, Instituto Nacional de Econom\u00eda Popular y Solidaria (IEPS), Secretaria Nacional de Educaci\u00f3n Superior, Ciencia, Tecnolog\u00eda e Innovaci\u00f3n (SENESCYT), Ministerio de Salud P\u00fablica (MSP) y Banco Mundial.<\/p>\n\n\n\n<p class=\"wp-block-paragraph\">\n\nFinalmente, se invit\u00f3 a las organizaciones\nsociales y sociedad civil en general para que participen en el evento de presentaci\u00f3n\noficial del Proyecto de Fortalecimiento de las Econom\u00edas Comunitarias en los\nTerritorios de los Pueblos y Nacionalidades Ind\u00edgenas, Afroecuatorianos y\nMontubios\u201d (PROFECPIAM), este 20 de mayo del 2021, a las 11:00 a trav\u00e9s de la\np\u00e1gina de Facebook Live de la SDH.\n\n\n\n<\/p>\n","protected":false},"excerpt":{"rendered":"<p class=\"excerpt\">Quito, Ecuador. &nbsp;Este 14 de mayo,la Secretar\u00eda de Derechos Humanos (SDH), realiz\u00f3 la reuni\u00f3n virtual informativa sobre el estado de situaci\u00f3n del \u201cProyecto de Fortalecimiento de las Econom\u00edas Comunitarias en los Territorios de los Pueblos y Nacionalidades Ind\u00edgenas, Afroecuatorianos y Montubios\u201d (PROFECPIAM). El objetivo de esta reuni\u00f3n fue socializar a los representantes de las nacionalidades y pueblos, el avance, contenido&hellip; <a href=\"https:\/\/www.ministeriodegobierno.gob.ec\/derechoshumanos\/2021\/05\/14\/la-secretaria-de-derechos-humanos-presento-el-estado-de-situacion-del-proyecto-de-fortalecimiento-de-las-economias-comunitarias-en-los-territorios-de-los-pueblos-y-nacionalidades-indigenas-a\/\">Read more &rarr;<\/a><\/p>\n","protected":false},"author":8,"featured_media":9179,"comment_status":"closed","ping_status":"closed","sticky":false,"template":"","format":"standard","meta":{"footnotes":""},"categories":[20,19,5],"tags":[],"class_list":["post-9178","post","type-post","status-publish","format-standard","has-post-thumbnail","hentry","category-boletin-de-prensa","category-la-secretaria","category-noticias","xfolkentry"],"_links":{"self":[{"href":"https:\/\/www.ministeriodegobierno.gob.ec\/derechoshumanos\/wp-json\/wp\/v2\/posts\/9178","targetHints":{"allow":["GET"]}}],"collection":[{"href":"https:\/\/www.ministeriodegobierno.gob.ec\/derechoshumanos\/wp-json\/wp\/v2\/posts"}],"about":[{"href":"https:\/\/www.ministeriodegobierno.gob.ec\/derechoshumanos\/wp-json\/wp\/v2\/types\/post"}],"author":[{"embeddable":true,"href":"https:\/\/www.ministeriodegobierno.gob.ec\/derechoshumanos\/wp-json\/wp\/v2\/users\/8"}],"replies":[{"embeddable":true,"href":"https:\/\/www.ministeriodegobierno.gob.ec\/derechoshumanos\/wp-json\/wp\/v2\/comments?post=9178"}],"version-history":[{"count":1,"href":"https:\/\/www.ministeriodegobierno.gob.ec\/derechoshumanos\/wp-json\/wp\/v2\/posts\/9178\/revisions"}],"predecessor-version":[{"id":9180,"href":"https:\/\/www.ministeriodegobierno.gob.ec\/derechoshumanos\/wp-json\/wp\/v2\/posts\/9178\/revisions\/9180"}],"wp:featuredmedia":[{"embeddable":true,"href":"https:\/\/www.ministeriodegobierno.gob.ec\/derechoshumanos\/wp-json\/wp\/v2\/media\/9179"}],"wp:attachment":[{"href":"https:\/\/www.ministeriodegobierno.gob.ec\/derechoshumanos\/wp-json\/wp\/v2\/media?parent=9178"}],"wp:term":[{"taxonomy":"category","embeddable":true,"href":"https:\/\/www.ministeriodegobierno.gob.ec\/derechoshumanos\/wp-json\/wp\/v2\/categories?post=9178"},{"taxonomy":"post_tag","embeddable":true,"href":"https:\/\/www.ministeriodegobierno.gob.ec\/derechoshumanos\/wp-json\/wp\/v2\/tags?post=9178"}],"curies":[{"name":"wp","href":"https:\/\/api.w.org\/{rel}","templated":true}]}}