{"id":9181,"date":"2021-05-14T17:09:16","date_gmt":"2021-05-14T22:09:16","guid":{"rendered":"https:\/\/www.derechoshumanos.gob.ec\/?p=9181"},"modified":"2021-05-14T17:09:16","modified_gmt":"2021-05-14T22:09:16","slug":"la-secretaria-de-derechos-humanos-entrego-placas-sobre-instituciones-seguras-libres-de-violencia-contra-las-mujeres-al-consejo-nacional-de-gobiernos-parroquiales-rurales-del-ecuador","status":"publish","type":"post","link":"https:\/\/www.ministeriodegobierno.gob.ec\/derechoshumanos\/2021\/05\/14\/la-secretaria-de-derechos-humanos-entrego-placas-sobre-instituciones-seguras-libres-de-violencia-contra-las-mujeres-al-consejo-nacional-de-gobiernos-parroquiales-rurales-del-ecuador\/","title":{"rendered":"La Secretar\u00eda de Derechos Humanos entreg\u00f3 placas sobre \u201cInstituciones Seguras, Libres de Violencia contra las Mujeres\u201d al Consejo Nacional de Gobiernos Parroquiales Rurales del Ecuador, CONAGOPARE."},"content":{"rendered":"\n<p class=\"wp-block-paragraph\"><strong>Quito, Ecuador._ <\/strong>La\nSecretar\u00eda de Derechos Humanos en coordinaci\u00f3n con la\nSecretar\u00eda T\u00e9cnica Plan Toda Una Vida, el Ministerio del Trabajo y con el apoyo\nde la Cooperaci\u00f3n Alemana (GIZ) a trav\u00e9s de su programa PreViMujer, entreg\u00f3\nla certificaci\u00f3n de \u201cInstituci\u00f3n Libre de\nViolencia Contra la Mujer\u201d al Consejo Nacional de Gobiernos Parroquiales\nRurales del Ecuador (CONAGOPARE).<\/p>\n\n\n\n<p class=\"wp-block-paragraph\">Esta certificaci\u00f3n se otorg\u00f3 posterior a la aprobaci\u00f3n del curso\nvirtual, cuyo objetivo fue sensibilizar a los servidores\np\u00fablicos para entregar herramientas que permitan identificar hechos de\nviolencia de g\u00e9nero y dar a conocer las responsabilidades que tiene el Estado y\nla sociedad en la prevenci\u00f3n y erradicaci\u00f3n de la violencia contra la mujer.<\/p>\n\n\n\n<p class=\"wp-block-paragraph\">Cecilia\nChac\u00f3n, m\u00e1xima autoridad de esta cartera de Estado, felicit\u00f3 la participaci\u00f3n y\nmencion\u00f3: \u201cLa Secretar\u00eda de Derechos Humanos reconoce el trabajo de una\ninstituci\u00f3n importante, hoy se la nombra como entidad libre de violencia. Es\ngratificante&nbsp; que obtengan las\nherramientas de sensibilizaci\u00f3n para seguir erradicando y previniendo esta\nproblem\u00e1tica\u201d. <\/p>\n\n\n\n<p class=\"wp-block-paragraph\">Yilda Rivera,&nbsp;\npresidenta del CONAGOPARE, mencion\u00f3 estar satisfecha por la\ncertificaci\u00f3n de todo el equipo, ya que ser\u00e1n conscientes de que se debe luchar\npor erradicar la violencia de g\u00e9nero.&nbsp; <\/p>\n\n\n\n<p class=\"wp-block-paragraph\">As\u00ed mismo, Xavier\nRomero, asesor del programa \u201cPreViMujer\u201d, mencion\u00f3 que tiene la\nseguridad de que m\u00e1s all\u00e1 de una meta institucional es el inicio de un\ncompromiso para emprender acciones para prevenir y erradicar la violencia\ncontra la mujer. <\/p>\n\n\n\n<p class=\"wp-block-paragraph\">En este encuentro se entreg\u00f3 reconocimiento a los\nfuncionarios\/as que aprobaron el curso con mejor puntaje, as\u00ed como tambi\u00e9n se\nrealiz\u00f3 la entrega simb\u00f3lica de la placa de certificaci\u00f3n como \u201cInstituciones\nSeguras Libres de Violencia contra las Mujeres\u201d a Yilda Rivera Cavagnaro, presidenta de CONAGOPARE. <\/p>\n\n\n\n<p class=\"wp-block-paragraph\">El compromiso\ny trabajo coordinado contin\u00faa para prevenir y erradicar&nbsp;\nla violencia contra las mujeres.<\/p>\n","protected":false},"excerpt":{"rendered":"<p class=\"excerpt\">Quito, Ecuador._ La Secretar\u00eda de Derechos Humanos en coordinaci\u00f3n con la Secretar\u00eda T\u00e9cnica Plan Toda Una Vida, el Ministerio del Trabajo y con el apoyo de la Cooperaci\u00f3n Alemana (GIZ) a trav\u00e9s de su programa PreViMujer, entreg\u00f3 la certificaci\u00f3n de \u201cInstituci\u00f3n Libre de Violencia Contra la Mujer\u201d al Consejo Nacional de Gobiernos Parroquiales Rurales del Ecuador (CONAGOPARE). Esta certificaci\u00f3n se&hellip; <a href=\"https:\/\/www.ministeriodegobierno.gob.ec\/derechoshumanos\/2021\/05\/14\/la-secretaria-de-derechos-humanos-entrego-placas-sobre-instituciones-seguras-libres-de-violencia-contra-las-mujeres-al-consejo-nacional-de-gobiernos-parroquiales-rurales-del-ecuador\/\">Read more &rarr;<\/a><\/p>\n","protected":false},"author":8,"featured_media":9183,"comment_status":"closed","ping_status":"closed","sticky":false,"template":"","format":"standard","meta":{"footnotes":""},"categories":[20,5,6],"tags":[],"class_list":["post-9181","post","type-post","status-publish","format-standard","has-post-thumbnail","hentry","category-boletin-de-prensa","category-noticias","category-noticias-destacadas","xfolkentry"],"_links":{"self":[{"href":"https:\/\/www.ministeriodegobierno.gob.ec\/derechoshumanos\/wp-json\/wp\/v2\/posts\/9181","targetHints":{"allow":["GET"]}}],"collection":[{"href":"https:\/\/www.ministeriodegobierno.gob.ec\/derechoshumanos\/wp-json\/wp\/v2\/posts"}],"about":[{"href":"https:\/\/www.ministeriodegobierno.gob.ec\/derechoshumanos\/wp-json\/wp\/v2\/types\/post"}],"author":[{"embeddable":true,"href":"https:\/\/www.ministeriodegobierno.gob.ec\/derechoshumanos\/wp-json\/wp\/v2\/users\/8"}],"replies":[{"embeddable":true,"href":"https:\/\/www.ministeriodegobierno.gob.ec\/derechoshumanos\/wp-json\/wp\/v2\/comments?post=9181"}],"version-history":[{"count":1,"href":"https:\/\/www.ministeriodegobierno.gob.ec\/derechoshumanos\/wp-json\/wp\/v2\/posts\/9181\/revisions"}],"predecessor-version":[{"id":9184,"href":"https:\/\/www.ministeriodegobierno.gob.ec\/derechoshumanos\/wp-json\/wp\/v2\/posts\/9181\/revisions\/9184"}],"wp:featuredmedia":[{"embeddable":true,"href":"https:\/\/www.ministeriodegobierno.gob.ec\/derechoshumanos\/wp-json\/wp\/v2\/media\/9183"}],"wp:attachment":[{"href":"https:\/\/www.ministeriodegobierno.gob.ec\/derechoshumanos\/wp-json\/wp\/v2\/media?parent=9181"}],"wp:term":[{"taxonomy":"category","embeddable":true,"href":"https:\/\/www.ministeriodegobierno.gob.ec\/derechoshumanos\/wp-json\/wp\/v2\/categories?post=9181"},{"taxonomy":"post_tag","embeddable":true,"href":"https:\/\/www.ministeriodegobierno.gob.ec\/derechoshumanos\/wp-json\/wp\/v2\/tags?post=9181"}],"curies":[{"name":"wp","href":"https:\/\/api.w.org\/{rel}","templated":true}]}}