{"id":9190,"date":"2021-05-20T17:28:29","date_gmt":"2021-05-20T22:28:29","guid":{"rendered":"https:\/\/www.derechoshumanos.gob.ec\/?p=9190"},"modified":"2021-05-20T17:28:30","modified_gmt":"2021-05-20T22:28:30","slug":"la-secretaria-de-derechos-humanos-realizo-la-presentacion-oficial-del-proyecto-de-fortalecimiento-de-las-economias-comunitarias-en-los-territorios-de-los-pueblos-y-nacionalidades-indigenas-a","status":"publish","type":"post","link":"https:\/\/www.ministeriodegobierno.gob.ec\/derechoshumanos\/2021\/05\/20\/la-secretaria-de-derechos-humanos-realizo-la-presentacion-oficial-del-proyecto-de-fortalecimiento-de-las-economias-comunitarias-en-los-territorios-de-los-pueblos-y-nacionalidades-indigenas-a\/","title":{"rendered":"La Secretar\u00eda de Derechos Humanos realiz\u00f3 la presentaci\u00f3n oficial del \u201cProyecto de Fortalecimiento de las Econom\u00edas Comunitarias en los Territorios de los Pueblos y Nacionalidades Ind\u00edgenas, Afroecuatorianos y Montubios\u201d"},"content":{"rendered":"\n<p class=\"wp-block-paragraph\">La\nSecretar\u00eda de Derechos Humanos (SDH), realiz\u00f3 la presentaci\u00f3n oficial del\n\u201cProyecto de Fortalecimiento de las Econom\u00edas Comunitarias en los Territorios\nde los Pueblos y Nacionalidades Ind\u00edgenas, Afroecuatorianos y Montubios\u201d\n(PROFECPIAM).<\/p>\n\n\n\n<p class=\"wp-block-paragraph\">El objetivo de este proyecto es mejorar\nlos sustentos de vida de los Pueblos y Nacionalidades Ind\u00edgenas,\nAfroecuatorianos y Montubios (PIAM) en los territorios, de acuerdo con su visi\u00f3n\ny prioridades de desarrollo para fortalecer su capacidad de detener y mitigar\nlos impactos de COVID-19<\/p>\n\n\n\n<p class=\"wp-block-paragraph\">El\nproyecto tendr\u00e1 intervenci\u00f3n en 15 territorios del Ecuador, con cinco unidades de gesti\u00f3nubicadas en\nlas oficinas regionales de la Secretar\u00eda de Derechos Humanos: Ibarra, Guayaquil,\nCuenca, Portoviejo y Ambato, el mismo que financiar\u00e1 los proyectos\nidentificados en los procesos de planificaci\u00f3n territorial de las econom\u00edas\ncomunitarias y posteriormente elaborados para su financiamiento.&nbsp; Tiene los siguientes componentes:<\/p>\n\n\n\n<ol class=\"wp-block-list\"><li>Fortalecimiento,\ngobernanza y planificaci\u00f3n de inversiones para el desarrollo de Pueblos y\nNacionalidades Ind\u00edgenas, Afroecuatorianos y Montubios (IPAM);<\/li><li>Preparaci\u00f3n y ejecuci\u00f3n de\nsubproyectos&nbsp; territoriales;<\/li><li>Promoci\u00f3n de educaci\u00f3n superior y empleo;\ny, <\/li><li>Gesti\u00f3n del Proyecto (comunicaci\u00f3n,\nmonitoreo y evaluaci\u00f3n).<\/li><\/ol>\n\n\n\n<p class=\"wp-block-paragraph\">La m\u00e1xima autoridad de esta cartera de\nEstado, Cecilia Chac\u00f3n, mencion\u00f3 que este proyecto naci\u00f3 desde la idea de\nrespetar el proceso de nacionalidades y pueblos ind\u00edgenas, afroecuatorianos y\nmontubios, con una intensa expectativa de que el Estado responda de manera\nurgente las necesidades de los mismos. <strong><em>\u201cEl Gobierno del presidente Lenin Moreno se\ncomprometi\u00f3 a dar seguimiento de esta propuesta, por ello, este proyecto es\npensando en las econom\u00edas comunitarias que marca una gran diferencia con los\nproyectos tradicionales de desarrollo\u201d,<\/em><\/strong> enfatiz\u00f3 la Secretaria de\nDerechos Humanos. <\/p>\n\n\n\n<p class=\"wp-block-paragraph\">Adem\u00e1s, recalc\u00f3 que el Banco Mundial\notorga un cr\u00e9dito al Ecuador con 10 a\u00f1os de gracia para responder a una de las deudas\nsociales m\u00e1s importantes: <strong><em>\u201cNosotros trabajamos con transparencia, por\neso, hemos subido el proyecto a la p\u00e1gina web www.ministeriodegobierno.gob.ec\/derechoshumanos para\nel conocimiento de la ciudadan\u00eda\u201d.<\/em><\/strong><\/p>\n\n\n\n<p class=\"wp-block-paragraph\">Por\nsu parte, Juan Carlos \u00c1lvarez, representante residente del Banco Mundial en el\nEcuador, mencion\u00f3 que el proyecto se construy\u00f3 con la participaci\u00f3n de los\npueblos y movimientos sociales, mientras que, Gabriel Muyuy, Secretario\nT\u00e9cnico del Fondo para el Desarrollo de los Pueblos Ind\u00edgenas de Am\u00e9rica Latina\ny el Caribe (FILAC), calific\u00f3 como positivo la movilizaci\u00f3n de recursos en\nfavor de los pueblos y nacionalidades ind\u00edgenas del Ecuador. <\/p>\n\n\n\n<p class=\"wp-block-paragraph\">Luis Maldonado,\nsubsecretario de Nacionalidades, Pueblos y Movimientos Sociales, indic\u00f3 que\neste proyecto es para fortalecer las econom\u00edas comunitarias que se enmarcan en\nlos paradigmas constitucionales del Estado Plurinacional e Intercultural y del\nSumak Kawsay o Buen Vivir. <\/p>\n\n\n\n<p class=\"wp-block-paragraph\">\u00c1ngel\nTip\u00e1n, secretario t\u00e9cnico del Consejo Nacional para la Igualdad de Pueblos y\nNacionalidades (CNIPN), mencion\u00f3 sobre la importancia de construir los espacios\nde di\u00e1logo permanente para generar propuestas desde la realidad, las\nnecesidades y cosmovisiones de los pueblos y nacionalidades y de su\nparticipaci\u00f3n para garantizar el avance de este proyecto.&nbsp; <\/p>\n\n\n\n<p class=\"wp-block-paragraph\">En\nel desarrollo del evento, Mariana Felicio, especialista s\u00e9nior del Banco\nMundial y Pablo Ram\u00edrez, analista de la Secretar\u00eda de Derechos Humanos,\nexpusieron los componentes, las inversiones a realizarse, los territorios de\ninversi\u00f3n, los beneficiarios y la hoja de ruta para implementar el proyecto.<\/p>\n\n\n\n<p class=\"wp-block-paragraph\">Tambi\u00e9n\nse cont\u00f3 con la participaci\u00f3n de invitados de Pueblos y Nacionalidades,\ncomo Miriam\nUlcuango del pueblo Kayambi, Annie Mu\u00f1oz del pueblo montubio y&nbsp; Ofelia Lara del pueblo afroecuatoriano, quienes\nfelicitaron la gesti\u00f3n realizada, ya que es la primera vez que un proyecto con\ninversi\u00f3n internacional beneficiar\u00e1 a los pueblos y nacionalidades para\ncontribuir al buen vivir y advirtieron que estar\u00e1n vigilantes para que este\nproyecto se ejecute con la participaci\u00f3n efectiva de las Nacionalidades y\nPueblos y para su espec\u00edfico beneficio. <\/p>\n\n\n\n<p class=\"wp-block-paragraph\">Para la elaboraci\u00f3n, gesti\u00f3n de\nfinanciamiento de este proyecto se cont\u00f3 con la participaci\u00f3n de las principales\norganizaciones de las nacionalidades y pueblos ind\u00edgenas, afroecuatorianos y montubios,\na trav\u00e9s de sus delegados t\u00e9cnicos, adem\u00e1s de especialistas y expertos en el\ntema, como de funcionarios de diversas instituciones p\u00fablicas y un amplio\nequipo del Banco Mundial.<\/p>\n\n\n\n<p class=\"wp-block-paragraph\"><strong>Para mayor\ninformaci\u00f3n <\/strong><\/p>\n\n\n\n<p class=\"wp-block-paragraph\"><strong>Direcci\u00f3n de\nComunicaci\u00f3n \u2013 Secretar\u00eda de Derechos Humanos <\/strong><\/p>\n","protected":false},"excerpt":{"rendered":"<p class=\"excerpt\">La Secretar\u00eda de Derechos Humanos (SDH), realiz\u00f3 la presentaci\u00f3n oficial del \u201cProyecto de Fortalecimiento de las Econom\u00edas Comunitarias en los Territorios de los Pueblos y Nacionalidades Ind\u00edgenas, Afroecuatorianos y Montubios\u201d (PROFECPIAM). El objetivo de este proyecto es mejorar los sustentos de vida de los Pueblos y Nacionalidades Ind\u00edgenas, Afroecuatorianos y Montubios (PIAM) en los territorios, de acuerdo con su visi\u00f3n&hellip; <a href=\"https:\/\/www.ministeriodegobierno.gob.ec\/derechoshumanos\/2021\/05\/20\/la-secretaria-de-derechos-humanos-realizo-la-presentacion-oficial-del-proyecto-de-fortalecimiento-de-las-economias-comunitarias-en-los-territorios-de-los-pueblos-y-nacionalidades-indigenas-a\/\">Read more &rarr;<\/a><\/p>\n","protected":false},"author":8,"featured_media":9191,"comment_status":"closed","ping_status":"closed","sticky":false,"template":"","format":"standard","meta":{"footnotes":""},"categories":[20,5,6],"tags":[],"class_list":["post-9190","post","type-post","status-publish","format-standard","has-post-thumbnail","hentry","category-boletin-de-prensa","category-noticias","category-noticias-destacadas","xfolkentry"],"_links":{"self":[{"href":"https:\/\/www.ministeriodegobierno.gob.ec\/derechoshumanos\/wp-json\/wp\/v2\/posts\/9190","targetHints":{"allow":["GET"]}}],"collection":[{"href":"https:\/\/www.ministeriodegobierno.gob.ec\/derechoshumanos\/wp-json\/wp\/v2\/posts"}],"about":[{"href":"https:\/\/www.ministeriodegobierno.gob.ec\/derechoshumanos\/wp-json\/wp\/v2\/types\/post"}],"author":[{"embeddable":true,"href":"https:\/\/www.ministeriodegobierno.gob.ec\/derechoshumanos\/wp-json\/wp\/v2\/users\/8"}],"replies":[{"embeddable":true,"href":"https:\/\/www.ministeriodegobierno.gob.ec\/derechoshumanos\/wp-json\/wp\/v2\/comments?post=9190"}],"version-history":[{"count":1,"href":"https:\/\/www.ministeriodegobierno.gob.ec\/derechoshumanos\/wp-json\/wp\/v2\/posts\/9190\/revisions"}],"predecessor-version":[{"id":9192,"href":"https:\/\/www.ministeriodegobierno.gob.ec\/derechoshumanos\/wp-json\/wp\/v2\/posts\/9190\/revisions\/9192"}],"wp:featuredmedia":[{"embeddable":true,"href":"https:\/\/www.ministeriodegobierno.gob.ec\/derechoshumanos\/wp-json\/wp\/v2\/media\/9191"}],"wp:attachment":[{"href":"https:\/\/www.ministeriodegobierno.gob.ec\/derechoshumanos\/wp-json\/wp\/v2\/media?parent=9190"}],"wp:term":[{"taxonomy":"category","embeddable":true,"href":"https:\/\/www.ministeriodegobierno.gob.ec\/derechoshumanos\/wp-json\/wp\/v2\/categories?post=9190"},{"taxonomy":"post_tag","embeddable":true,"href":"https:\/\/www.ministeriodegobierno.gob.ec\/derechoshumanos\/wp-json\/wp\/v2\/tags?post=9190"}],"curies":[{"name":"wp","href":"https:\/\/api.w.org\/{rel}","templated":true}]}}