{"id":9193,"date":"2021-05-20T17:33:44","date_gmt":"2021-05-20T22:33:44","guid":{"rendered":"https:\/\/www.derechoshumanos.gob.ec\/?p=9193"},"modified":"2021-05-20T17:33:45","modified_gmt":"2021-05-20T22:33:45","slug":"la-secretaria-de-derechos-humanos-entrego-placas-sobre-instituciones-seguras-libres-de-violencia-contra-las-mujeres-en-morona-santiago","status":"publish","type":"post","link":"https:\/\/www.ministeriodegobierno.gob.ec\/derechoshumanos\/2021\/05\/20\/la-secretaria-de-derechos-humanos-entrego-placas-sobre-instituciones-seguras-libres-de-violencia-contra-las-mujeres-en-morona-santiago\/","title":{"rendered":"La Secretar\u00eda de Derechos Humanos entreg\u00f3 placas sobre \u201cInstituciones Seguras, Libres de Violencia contra las Mujeres\u201d en Morona Santiago"},"content":{"rendered":"\n<p class=\"wp-block-paragraph\"><strong>Morona Santiago, Ecuador._ <\/strong>Carmen\nBarreto, directora de la zona 6de\nla Secretar\u00eda de Derechos Humanos, a trav\u00e9s del Servicio de Protecci\u00f3n Integral\n(SPI) y en coordinaci\u00f3n con la Secretar\u00eda T\u00e9cnica Plan Toda una Vida y la\nCooperaci\u00f3n Alemana (GIZ), realiz\u00f3 la entrega de placas que certifican a los\nGobiernos Aut\u00f3nomos Descentralizados (GAD) de Tiwintza, Lim\u00f3n Indanza, San Juan\nBosco y Gualaquiza, como \u201cInstituciones Seguras, Libres de Violencia contra las\nMujeres\u201d.<\/p>\n\n\n\n<p class=\"wp-block-paragraph\">En\neste sentido, se realiz\u00f3 el acompa\u00f1amiento, motivaci\u00f3n y orientaci\u00f3n en la\nagenda de capacitaci\u00f3n con el objetivo de sensibilizar a los servidores\np\u00fablicos para entregar herramientas que permitan identificar hechos de\nviolencia de g\u00e9nero y dar a conocer las responsabilidades que tiene el Estado y\nla sociedad en la prevenci\u00f3n y erradicaci\u00f3n de la violencia contra la mujer.<\/p>\n\n\n\n<p class=\"wp-block-paragraph\">Carmen\nBarreto, directora Zonal 6, se\u00f1al\u00f3: <strong><em>\u201cReconozco y\nfelicito el esfuerzo de cada uno de ustedes, los conocimientos deben tranformarse\nen acciones institucionales e individuales para cambiar aquellas pr\u00e1cticas que\nnaturalizan y perpet\u00faan la violencia\u201d.<\/em><\/strong> <\/p>\n\n\n\n<p class=\"wp-block-paragraph\">Wilfrido\nCalle, alcalde de Tiwintza y Erik Bustamante, alcalde de Lim\u00f3n Indanza,\nexpresaron su agradecimiento a los funcionarios por haber alcanzado las notas\nnecesarias para certificar a sus respectivos Municipios como espacios libres de\nviolencia contra la mujer.<\/p>\n\n\n\n<p class=\"wp-block-paragraph\">Por\nsu parte, Lorena C\u00f3rdova, vicealcaldesa de San Juan Bosco, expres\u00f3 su\ncompromiso para trabajar en la prevenci\u00f3n y erradicaci\u00f3n de la violencia contra\nlas mujeres, ni\u00f1os, ni\u00f1as y adolescentes, y recalc\u00f3 que la certificaci\u00f3n debe\nponerse en pr\u00e1ctica.<\/p>\n\n\n\n<p class=\"wp-block-paragraph\">Finalmente,\nFelipe V\u00e1squez, concejal de Gualaquiza, reconoci\u00f3 y agradeci\u00f3 el aporte de la\nSecretar\u00eda de Derechos Humanos en el territorio.<\/p>\n\n\n\n<p class=\"wp-block-paragraph\"><strong>Para mayor informaci\u00f3n<\/strong><\/p>\n\n\n\n<p class=\"wp-block-paragraph\"><strong>Direcci\u00f3n de Comunicaci\u00f3n \u2013 Secretar\u00eda de Derechos Humanos<\/strong><\/p>\n","protected":false},"excerpt":{"rendered":"<p class=\"excerpt\">Morona Santiago, Ecuador._ Carmen Barreto, directora de la zona 6de la Secretar\u00eda de Derechos Humanos, a trav\u00e9s del Servicio de Protecci\u00f3n Integral (SPI) y en coordinaci\u00f3n con la Secretar\u00eda T\u00e9cnica Plan Toda una Vida y la Cooperaci\u00f3n Alemana (GIZ), realiz\u00f3 la entrega de placas que certifican a los Gobiernos Aut\u00f3nomos Descentralizados (GAD) de Tiwintza, Lim\u00f3n Indanza, San Juan Bosco y&hellip; <a href=\"https:\/\/www.ministeriodegobierno.gob.ec\/derechoshumanos\/2021\/05\/20\/la-secretaria-de-derechos-humanos-entrego-placas-sobre-instituciones-seguras-libres-de-violencia-contra-las-mujeres-en-morona-santiago\/\">Read more &rarr;<\/a><\/p>\n","protected":false},"author":8,"featured_media":8311,"comment_status":"closed","ping_status":"closed","sticky":false,"template":"","format":"standard","meta":{"footnotes":""},"categories":[20,5,6],"tags":[],"class_list":["post-9193","post","type-post","status-publish","format-standard","has-post-thumbnail","hentry","category-boletin-de-prensa","category-noticias","category-noticias-destacadas","xfolkentry"],"_links":{"self":[{"href":"https:\/\/www.ministeriodegobierno.gob.ec\/derechoshumanos\/wp-json\/wp\/v2\/posts\/9193","targetHints":{"allow":["GET"]}}],"collection":[{"href":"https:\/\/www.ministeriodegobierno.gob.ec\/derechoshumanos\/wp-json\/wp\/v2\/posts"}],"about":[{"href":"https:\/\/www.ministeriodegobierno.gob.ec\/derechoshumanos\/wp-json\/wp\/v2\/types\/post"}],"author":[{"embeddable":true,"href":"https:\/\/www.ministeriodegobierno.gob.ec\/derechoshumanos\/wp-json\/wp\/v2\/users\/8"}],"replies":[{"embeddable":true,"href":"https:\/\/www.ministeriodegobierno.gob.ec\/derechoshumanos\/wp-json\/wp\/v2\/comments?post=9193"}],"version-history":[{"count":1,"href":"https:\/\/www.ministeriodegobierno.gob.ec\/derechoshumanos\/wp-json\/wp\/v2\/posts\/9193\/revisions"}],"predecessor-version":[{"id":9194,"href":"https:\/\/www.ministeriodegobierno.gob.ec\/derechoshumanos\/wp-json\/wp\/v2\/posts\/9193\/revisions\/9194"}],"wp:featuredmedia":[{"embeddable":true,"href":"https:\/\/www.ministeriodegobierno.gob.ec\/derechoshumanos\/wp-json\/wp\/v2\/media\/8311"}],"wp:attachment":[{"href":"https:\/\/www.ministeriodegobierno.gob.ec\/derechoshumanos\/wp-json\/wp\/v2\/media?parent=9193"}],"wp:term":[{"taxonomy":"category","embeddable":true,"href":"https:\/\/www.ministeriodegobierno.gob.ec\/derechoshumanos\/wp-json\/wp\/v2\/categories?post=9193"},{"taxonomy":"post_tag","embeddable":true,"href":"https:\/\/www.ministeriodegobierno.gob.ec\/derechoshumanos\/wp-json\/wp\/v2\/tags?post=9193"}],"curies":[{"name":"wp","href":"https:\/\/api.w.org\/{rel}","templated":true}]}}