{"id":9198,"date":"2021-05-21T13:07:34","date_gmt":"2021-05-21T18:07:34","guid":{"rendered":"https:\/\/www.derechoshumanos.gob.ec\/?p=9198"},"modified":"2021-05-21T13:07:35","modified_gmt":"2021-05-21T18:07:35","slug":"la-secretaria-de-derechos-humanos-cecilia-chacon-participo-en-la-xvii-reunion-de-ministras-y-altas-autoridades-de-la-mujer-del-mercosur","status":"publish","type":"post","link":"https:\/\/www.ministeriodegobierno.gob.ec\/derechoshumanos\/2021\/05\/21\/la-secretaria-de-derechos-humanos-cecilia-chacon-participo-en-la-xvii-reunion-de-ministras-y-altas-autoridades-de-la-mujer-del-mercosur\/","title":{"rendered":"La Secretaria de Derechos Humanos, Cecilia Chac\u00f3n, particip\u00f3 en la XVII Reuni\u00f3n de  Ministras  y  Altas  Autoridades  de  la  Mujer  del  Mercosur"},"content":{"rendered":"\n<p class=\"wp-block-paragraph\"><\/p>\n\n\n\n<p class=\"wp-block-paragraph\"><strong>Quito, Ecuador.- <\/strong>La secretaria de\nDerechos Humanos, Cecilia Chac\u00f3n, particip\u00f3 representando a Ecuador en la XVII\nReuni\u00f3n de&nbsp; Ministras&nbsp; y&nbsp;\nAltas&nbsp; Autoridades&nbsp; de&nbsp;\nla&nbsp; Mujer&nbsp; del&nbsp;\nMercosur, con la finalidad de informar las pol\u00edticas nacionales\nprioritarias enfocadas en materia de cuidados, con miras a crear un marco de\nconsensos b\u00e1sicos para proyectar una agenda de trabajo regional. <\/p>\n\n\n\n<p class=\"wp-block-paragraph\">En este sentido, la m\u00e1xima autoridad de esta\ncartera de Estado, manifest\u00f3 que <em>\u201c<\/em><em>la\npandemia provoc\u00f3 un elemento sustancial, que es el aumento de las\nresponsabilidades de las mujeres especialmente en la condici\u00f3n del cuidado\u201d<\/em> e indic\u00f3 que al respecto la Secretar\u00eda de\nDerechos Humanos, como ente rector de la Ley para Prevenir y Erradicar la\nViolencia contra las Mujeres, tom\u00f3 como referencia los compromisos\ninternacionales firmados por el pa\u00eds, a fin de eliminar la discriminaci\u00f3n\ncontra las mujeres y as\u00ed visibilizarla y atenderla.<\/p>\n\n\n\n<p class=\"wp-block-paragraph\">Adem\u00e1s, se\u00f1al\u00f3 que mediante el&nbsp;\nSistema Nacional Integral para &nbsp;Prevenir y Erradicar la Violencia contra las\nMujeres, se articulan acciones con las 22 instituciones del Estado de las\nfunciones Ejecutiva, Judicial y de Transparencia y Control Social. <em>\u201cGracias a la coordinaci\u00f3n con las\ninstituciones, pudimos ayudar a un centenar de mujeres que se encontraban en situaciones\nde alto riesgo por violencia de g\u00e9nero, ubic\u00e1ndolas a buen recaudo en Casas de\nAcogida a escala nacional\u201d, <\/em>recalc\u00f3 Cecilia Chac\u00f3n. . <\/p>\n\n\n\n<p class=\"wp-block-paragraph\">Tambi\u00e9n se refiri\u00f3 a la atenci\u00f3n brindada por medio de los Servicios de\nProtecci\u00f3n Integral SPI, <em>\u201csolo en el a\u00f1o\n2020 atendimos a m\u00e1s de 65.900 mujeres v\u00edctimas de violencia y en las\ncondiciones m\u00e1s complejas de pandemia nuestros servicios fueron presenciales\u201d, <\/em>dijo\nla Secretaria. <\/p>\n\n\n\n<p class=\"wp-block-paragraph\">As\u00ed mismo, expuso que se trabaja en la implementaci\u00f3n del Plan Nacional de\nPrevenci\u00f3n y Erradicaci\u00f3n de la Violencia contra las Mujeres, mismo que fue\nconstruido de manera participativa por las instituciones del Sistema, as\u00ed como,\npor m\u00e1s de 220 organizaciones de mujeres. <\/p>\n\n\n\n<p class=\"wp-block-paragraph\"><em>\u201cTambi\u00e9n presentamos e\nimpulsamos la Pol\u00edtica P\u00fablica Econom\u00eda Violeta, misma que promueve la\nactivaci\u00f3n econ\u00f3mica y el empoderamiento en derechos\u201d,<\/em> acot\u00f3 la Ministra y habl\u00f3 sobre el compromiso de\ntrabajo del Gobierno Nacional por los derechos de las mujeres, por medio de la\nMisi\u00f3n de la Mujer del Plan Toda Una Vida.<\/p>\n\n\n\n<p class=\"wp-block-paragraph\">Finalmente agradeci\u00f3 la apertura de los pa\u00edses asociados al Mercosur al\ncompartir sus experiencias, pol\u00edticas p\u00fablicas e iniciativas que buscan el\nempoderamiento de las mujeres. <\/p>\n","protected":false},"excerpt":{"rendered":"<p class=\"excerpt\">Quito, Ecuador.- La secretaria de Derechos Humanos, Cecilia Chac\u00f3n, particip\u00f3 representando a Ecuador en la XVII Reuni\u00f3n de&nbsp; Ministras&nbsp; y&nbsp; Altas&nbsp; Autoridades&nbsp; de&nbsp; la&nbsp; Mujer&nbsp; del&nbsp; Mercosur, con la finalidad de informar las pol\u00edticas nacionales prioritarias enfocadas en materia de cuidados, con miras a crear un marco de consensos b\u00e1sicos para proyectar una agenda de trabajo regional. En este sentido,&hellip; <a href=\"https:\/\/www.ministeriodegobierno.gob.ec\/derechoshumanos\/2021\/05\/21\/la-secretaria-de-derechos-humanos-cecilia-chacon-participo-en-la-xvii-reunion-de-ministras-y-altas-autoridades-de-la-mujer-del-mercosur\/\">Read more &rarr;<\/a><\/p>\n","protected":false},"author":6,"featured_media":9199,"comment_status":"closed","ping_status":"closed","sticky":false,"template":"","format":"standard","meta":{"footnotes":""},"categories":[20,5,6],"tags":[],"class_list":["post-9198","post","type-post","status-publish","format-standard","has-post-thumbnail","hentry","category-boletin-de-prensa","category-noticias","category-noticias-destacadas","xfolkentry"],"_links":{"self":[{"href":"https:\/\/www.ministeriodegobierno.gob.ec\/derechoshumanos\/wp-json\/wp\/v2\/posts\/9198","targetHints":{"allow":["GET"]}}],"collection":[{"href":"https:\/\/www.ministeriodegobierno.gob.ec\/derechoshumanos\/wp-json\/wp\/v2\/posts"}],"about":[{"href":"https:\/\/www.ministeriodegobierno.gob.ec\/derechoshumanos\/wp-json\/wp\/v2\/types\/post"}],"author":[{"embeddable":true,"href":"https:\/\/www.ministeriodegobierno.gob.ec\/derechoshumanos\/wp-json\/wp\/v2\/users\/6"}],"replies":[{"embeddable":true,"href":"https:\/\/www.ministeriodegobierno.gob.ec\/derechoshumanos\/wp-json\/wp\/v2\/comments?post=9198"}],"version-history":[{"count":1,"href":"https:\/\/www.ministeriodegobierno.gob.ec\/derechoshumanos\/wp-json\/wp\/v2\/posts\/9198\/revisions"}],"predecessor-version":[{"id":9200,"href":"https:\/\/www.ministeriodegobierno.gob.ec\/derechoshumanos\/wp-json\/wp\/v2\/posts\/9198\/revisions\/9200"}],"wp:featuredmedia":[{"embeddable":true,"href":"https:\/\/www.ministeriodegobierno.gob.ec\/derechoshumanos\/wp-json\/wp\/v2\/media\/9199"}],"wp:attachment":[{"href":"https:\/\/www.ministeriodegobierno.gob.ec\/derechoshumanos\/wp-json\/wp\/v2\/media?parent=9198"}],"wp:term":[{"taxonomy":"category","embeddable":true,"href":"https:\/\/www.ministeriodegobierno.gob.ec\/derechoshumanos\/wp-json\/wp\/v2\/categories?post=9198"},{"taxonomy":"post_tag","embeddable":true,"href":"https:\/\/www.ministeriodegobierno.gob.ec\/derechoshumanos\/wp-json\/wp\/v2\/tags?post=9198"}],"curies":[{"name":"wp","href":"https:\/\/api.w.org\/{rel}","templated":true}]}}