{"id":9201,"date":"2021-05-21T14:23:09","date_gmt":"2021-05-21T19:23:09","guid":{"rendered":"https:\/\/www.derechoshumanos.gob.ec\/?p=9201"},"modified":"2021-05-21T14:23:12","modified_gmt":"2021-05-21T19:23:12","slug":"la-secretaria-de-derechos-humanos-y-la-defensoria-del-pueblo-firman-convenio-en-el-marco-del-proyecto-del-sistema-de-alertas-tempranas-y-respuesta-rapida","status":"publish","type":"post","link":"https:\/\/www.ministeriodegobierno.gob.ec\/derechoshumanos\/2021\/05\/21\/la-secretaria-de-derechos-humanos-y-la-defensoria-del-pueblo-firman-convenio-en-el-marco-del-proyecto-del-sistema-de-alertas-tempranas-y-respuesta-rapida\/","title":{"rendered":"La Secretar\u00eda de Derechos Humanos y la Defensor\u00eda del Pueblo firman convenio en el marco del Proyecto del Sistema de Alertas Tempranas y Respuesta R\u00e1pida"},"content":{"rendered":"\n<p class=\"wp-block-paragraph\"><\/p>\n\n\n\n<p class=\"wp-block-paragraph\"><strong>Quito, Ecuador.- <\/strong>La secretaria de Derechos Humanos, Cecilia Chac\u00f3n y la defensora del Pueblo subrogante, Zaida Rovira, suscribieron un convenio en el marco del Proyecto del Sistema de Alertas Tempranas y Respuesta R\u00e1pida (SART), en este acto estuvieron como testigos de honor representantes de la\u00a0 Uni\u00f3n Europea\u00a0 y de la\u00a0 Cooperaci\u00f3n T\u00e9cnica Alemana GIZ.<\/p>\n\n\n\n<p class=\"wp-block-paragraph\">Este convenio&nbsp; marco,&nbsp; tiene&nbsp;\npor&nbsp; objeto&nbsp; establecer&nbsp;\nmecanismos&nbsp; de coordinaci\u00f3n y\ncooperaci\u00f3n interinstitucional entre las partes, para garantizar la transferencia\nde informaci\u00f3n que permita la adecuada operaci\u00f3n y administraci\u00f3n del SART, \u00fanico\nsistema en el pa\u00eds encaminado al monitoreo sobre la situaci\u00f3n de los derechos humanos,\nalertando en tiempo real sobre las amenazas inminentes o potenciales que se dan\no puedan darse por distintos factores en las provincias de Esmeraldas, Carchi y\nSucumb\u00edos.<\/p>\n\n\n\n<p class=\"wp-block-paragraph\"><strong><em>\u201cEste acuerdo significa que las instituciones p\u00fablicas conjuntamente con la\ncooperaci\u00f3n internacional aportemos desde nuestras competencias y actualicemos\nla base del SART, pues no solo se evidencian cifras, sino vidas, mismas que\npodemos salvar y ese es nuestro principal compromiso\u201d,<\/em><\/strong> se\u00f1al\u00f3 la Secretaria de Derechos Humanos.\n<\/p>\n\n\n\n<p class=\"wp-block-paragraph\">Por su parte la Defensora del Pueblo subrogante,&nbsp; indic\u00f3 que <strong><em>\u201cla suscripci\u00f3n de este convenio\nmarco constituye un hito en la protecci\u00f3n y promoci\u00f3n de derechos humanos en el\nEcuador\u201d<\/em><\/strong> y manifest\u00f3 que es necesario trabajar en conjunto para\nprevenir la vulneraci\u00f3n de derechos en todos los \u00e1mbitos. <\/p>\n\n\n\n<p class=\"wp-block-paragraph\">Con este acuerdo las dos instituciones trabajar\u00e1n en alcanzar la promoci\u00f3n\ny protecci\u00f3n adecuada de los derechos humanos a nivel nacional, con \u00e9nfasis en\nlos grupos de atenci\u00f3n prioritaria, mediante la articulaci\u00f3n y garant\u00eda del flujo\nde informaci\u00f3n sobre vulneraciones entre los diferentes&nbsp; estamentos&nbsp;\ncompetentes&nbsp; del&nbsp; Estado&nbsp;\necuatoriano,&nbsp; comprometidas con&nbsp; la&nbsp;\ninstitucionalizaci\u00f3n&nbsp; del&nbsp; Sistema&nbsp;\nNacional&nbsp; de&nbsp; Alertas&nbsp;\nTempranas&nbsp; en materia de Derechos Humanos.<\/p>\n","protected":false},"excerpt":{"rendered":"<p class=\"excerpt\">Quito, Ecuador.- La secretaria de Derechos Humanos, Cecilia Chac\u00f3n y la defensora del Pueblo subrogante, Zaida Rovira, suscribieron un convenio en el marco del Proyecto del Sistema de Alertas Tempranas y Respuesta R\u00e1pida (SART), en este acto estuvieron como testigos de honor representantes de la\u00a0 Uni\u00f3n Europea\u00a0 y de la\u00a0 Cooperaci\u00f3n T\u00e9cnica Alemana GIZ. Este convenio&nbsp; marco,&nbsp; tiene&nbsp; por&nbsp; objeto&nbsp;&hellip; <a href=\"https:\/\/www.ministeriodegobierno.gob.ec\/derechoshumanos\/2021\/05\/21\/la-secretaria-de-derechos-humanos-y-la-defensoria-del-pueblo-firman-convenio-en-el-marco-del-proyecto-del-sistema-de-alertas-tempranas-y-respuesta-rapida\/\">Read more &rarr;<\/a><\/p>\n","protected":false},"author":6,"featured_media":9203,"comment_status":"closed","ping_status":"closed","sticky":false,"template":"","format":"standard","meta":{"footnotes":""},"categories":[20,5,6],"tags":[],"class_list":["post-9201","post","type-post","status-publish","format-standard","has-post-thumbnail","hentry","category-boletin-de-prensa","category-noticias","category-noticias-destacadas","xfolkentry"],"_links":{"self":[{"href":"https:\/\/www.ministeriodegobierno.gob.ec\/derechoshumanos\/wp-json\/wp\/v2\/posts\/9201","targetHints":{"allow":["GET"]}}],"collection":[{"href":"https:\/\/www.ministeriodegobierno.gob.ec\/derechoshumanos\/wp-json\/wp\/v2\/posts"}],"about":[{"href":"https:\/\/www.ministeriodegobierno.gob.ec\/derechoshumanos\/wp-json\/wp\/v2\/types\/post"}],"author":[{"embeddable":true,"href":"https:\/\/www.ministeriodegobierno.gob.ec\/derechoshumanos\/wp-json\/wp\/v2\/users\/6"}],"replies":[{"embeddable":true,"href":"https:\/\/www.ministeriodegobierno.gob.ec\/derechoshumanos\/wp-json\/wp\/v2\/comments?post=9201"}],"version-history":[{"count":1,"href":"https:\/\/www.ministeriodegobierno.gob.ec\/derechoshumanos\/wp-json\/wp\/v2\/posts\/9201\/revisions"}],"predecessor-version":[{"id":9204,"href":"https:\/\/www.ministeriodegobierno.gob.ec\/derechoshumanos\/wp-json\/wp\/v2\/posts\/9201\/revisions\/9204"}],"wp:featuredmedia":[{"embeddable":true,"href":"https:\/\/www.ministeriodegobierno.gob.ec\/derechoshumanos\/wp-json\/wp\/v2\/media\/9203"}],"wp:attachment":[{"href":"https:\/\/www.ministeriodegobierno.gob.ec\/derechoshumanos\/wp-json\/wp\/v2\/media?parent=9201"}],"wp:term":[{"taxonomy":"category","embeddable":true,"href":"https:\/\/www.ministeriodegobierno.gob.ec\/derechoshumanos\/wp-json\/wp\/v2\/categories?post=9201"},{"taxonomy":"post_tag","embeddable":true,"href":"https:\/\/www.ministeriodegobierno.gob.ec\/derechoshumanos\/wp-json\/wp\/v2\/tags?post=9201"}],"curies":[{"name":"wp","href":"https:\/\/api.w.org\/{rel}","templated":true}]}}