{"id":9205,"date":"2021-05-21T18:05:28","date_gmt":"2021-05-21T23:05:28","guid":{"rendered":"https:\/\/www.derechoshumanos.gob.ec\/?p=9205"},"modified":"2021-05-21T18:05:29","modified_gmt":"2021-05-21T23:05:29","slug":"la-secretaria-de-derechos-humanos-impartio-curso-al-servicio-nacional-de-medicina-legal-y-ciencias-forenses","status":"publish","type":"post","link":"https:\/\/www.ministeriodegobierno.gob.ec\/derechoshumanos\/2021\/05\/21\/la-secretaria-de-derechos-humanos-impartio-curso-al-servicio-nacional-de-medicina-legal-y-ciencias-forenses\/","title":{"rendered":"La Secretar\u00eda de Derechos Humanos imparti\u00f3 curso al Servicio Nacional de Medicina Legal y Ciencias Forenses"},"content":{"rendered":"\n<p class=\"wp-block-paragraph\"><strong>Quito, Ecuador._ <\/strong>La\nSecretar\u00eda de Derechos Humanos imparti\u00f3 la segundafase de capacitaci\u00f3n del \u201cCurso de Conocimiento B\u00e1sico en Derechos\nHumanos\u00bb, el mismo que se desarroll\u00f3 &nbsp;del 6 &nbsp;al 20 de mayo de 2021 y cont\u00f3 con la\nparticipaci\u00f3n de 50 funcionarios del Servicio Nacional de Medicina Legal y\nCiencias Forenses.<\/p>\n\n\n\n<p class=\"wp-block-paragraph\">El\nobjetivo principal del curso fue identificar y distinguir los mecanismos de\ndefensa&nbsp; y manejar los instrumentos\njur\u00eddicos internacionales y regionales de protecci\u00f3n de los derechos humanos\nque son la base de la libertad, la justicia y la paz.<\/p>\n\n\n\n<p class=\"wp-block-paragraph\">La\ncapacitaci\u00f3n se desarroll\u00f3 mediante la modalidad autoeducaci\u00f3n on-line, con\nsoporte de la plataforma educativa y de aprendizaje virtual denominada ED-MODO,\nmisma que permiti\u00f3 interactuar, participar y comunicarse entre docentes y\nestudiantes.<\/p>\n\n\n\n<p class=\"wp-block-paragraph\">Este\ncurso estuvo estructurado en dos m\u00f3dulos:<\/p>\n\n\n\n<p class=\"wp-block-paragraph\">M\u00f3dulo\nI: Aprendizaje a trav\u00e9s de la historia, definici\u00f3n, caracter\u00edsticas,\nexigibilidad y protecci\u00f3n de los derechos, los derechos humanos y la\nConstituci\u00f3n de la Rep\u00fablica del Ecuador, sistemas de protecci\u00f3n, entre otros. <\/p>\n\n\n\n<p class=\"wp-block-paragraph\">M\u00f3dulo\nII: Violencia de G\u00e9nero<\/p>\n\n\n\n<p class=\"wp-block-paragraph\">La\nduraci\u00f3n del curso fue de 11 d\u00edas de trabajo, con una nota m\u00ednima de aprobaci\u00f3n\nde 07\/10,&nbsp; los participantes recibir\u00e1n un\ncertificado de aprobaci\u00f3n y participaci\u00f3n de 12 horas acad\u00e9micas. <\/p>\n\n\n\n<p class=\"wp-block-paragraph\"><strong>Para mayor informaci\u00f3n<\/strong><\/p>\n\n\n\n<p class=\"wp-block-paragraph\"><strong>Direcci\u00f3n de Comunicaci\u00f3n \u2013 Secretar\u00eda\nde Derechos Humanos<\/strong><\/p>\n","protected":false},"excerpt":{"rendered":"<p class=\"excerpt\">Quito, Ecuador._ La Secretar\u00eda de Derechos Humanos imparti\u00f3 la segundafase de capacitaci\u00f3n del \u201cCurso de Conocimiento B\u00e1sico en Derechos Humanos\u00bb, el mismo que se desarroll\u00f3 &nbsp;del 6 &nbsp;al 20 de mayo de 2021 y cont\u00f3 con la participaci\u00f3n de 50 funcionarios del Servicio Nacional de Medicina Legal y Ciencias Forenses. El objetivo principal del curso fue identificar y distinguir los&hellip; <a href=\"https:\/\/www.ministeriodegobierno.gob.ec\/derechoshumanos\/2021\/05\/21\/la-secretaria-de-derechos-humanos-impartio-curso-al-servicio-nacional-de-medicina-legal-y-ciencias-forenses\/\">Read more &rarr;<\/a><\/p>\n","protected":false},"author":8,"featured_media":8311,"comment_status":"closed","ping_status":"closed","sticky":false,"template":"","format":"standard","meta":{"footnotes":""},"categories":[20,5,6],"tags":[],"class_list":["post-9205","post","type-post","status-publish","format-standard","has-post-thumbnail","hentry","category-boletin-de-prensa","category-noticias","category-noticias-destacadas","xfolkentry"],"_links":{"self":[{"href":"https:\/\/www.ministeriodegobierno.gob.ec\/derechoshumanos\/wp-json\/wp\/v2\/posts\/9205","targetHints":{"allow":["GET"]}}],"collection":[{"href":"https:\/\/www.ministeriodegobierno.gob.ec\/derechoshumanos\/wp-json\/wp\/v2\/posts"}],"about":[{"href":"https:\/\/www.ministeriodegobierno.gob.ec\/derechoshumanos\/wp-json\/wp\/v2\/types\/post"}],"author":[{"embeddable":true,"href":"https:\/\/www.ministeriodegobierno.gob.ec\/derechoshumanos\/wp-json\/wp\/v2\/users\/8"}],"replies":[{"embeddable":true,"href":"https:\/\/www.ministeriodegobierno.gob.ec\/derechoshumanos\/wp-json\/wp\/v2\/comments?post=9205"}],"version-history":[{"count":1,"href":"https:\/\/www.ministeriodegobierno.gob.ec\/derechoshumanos\/wp-json\/wp\/v2\/posts\/9205\/revisions"}],"predecessor-version":[{"id":9206,"href":"https:\/\/www.ministeriodegobierno.gob.ec\/derechoshumanos\/wp-json\/wp\/v2\/posts\/9205\/revisions\/9206"}],"wp:featuredmedia":[{"embeddable":true,"href":"https:\/\/www.ministeriodegobierno.gob.ec\/derechoshumanos\/wp-json\/wp\/v2\/media\/8311"}],"wp:attachment":[{"href":"https:\/\/www.ministeriodegobierno.gob.ec\/derechoshumanos\/wp-json\/wp\/v2\/media?parent=9205"}],"wp:term":[{"taxonomy":"category","embeddable":true,"href":"https:\/\/www.ministeriodegobierno.gob.ec\/derechoshumanos\/wp-json\/wp\/v2\/categories?post=9205"},{"taxonomy":"post_tag","embeddable":true,"href":"https:\/\/www.ministeriodegobierno.gob.ec\/derechoshumanos\/wp-json\/wp\/v2\/tags?post=9205"}],"curies":[{"name":"wp","href":"https:\/\/api.w.org\/{rel}","templated":true}]}}