{"id":9328,"date":"2021-05-31T10:36:02","date_gmt":"2021-05-31T15:36:02","guid":{"rendered":"https:\/\/www.derechoshumanos.gob.ec\/?p=9328"},"modified":"2021-05-31T10:36:04","modified_gmt":"2021-05-31T15:36:04","slug":"erradicar-la-violencia-contra-la-mujer-en-azuay-canar-y-morona-es-la-meta-de-la-secretaria-de-derechos-humanos","status":"publish","type":"post","link":"https:\/\/www.ministeriodegobierno.gob.ec\/derechoshumanos\/2021\/05\/31\/erradicar-la-violencia-contra-la-mujer-en-azuay-canar-y-morona-es-la-meta-de-la-secretaria-de-derechos-humanos\/","title":{"rendered":"ERRADICAR LA VIOLENCIA CONTRA LA MUJER EN AZUAY, CA\u00d1AR Y MORONA ES LA META DE LA SECRETAR\u00cdA DE DERECHOS HUMANOS"},"content":{"rendered":"\n<p class=\"wp-block-paragraph\">La Secretaria de Derechos Humanos, Bernarda Ord\u00f3\u00f1ez Moscoso,\ndesign\u00f3 a Esperanza Neira como directora zonal 6. <\/p>\n\n\n\n<p class=\"wp-block-paragraph\">Neira, quien es doctora en Jurisprudencia y Abogada de los\nTribunales de Justicia de la Rep\u00fablica del Ecuador por la Universidad del\nAzuay, estar\u00e1 a cargo de coordinar las acciones de la instituci\u00f3n en las\nprovincias de Azuay, Morona Santiago y Ca\u00f1ar. <\/p>\n\n\n\n<p class=\"wp-block-paragraph\">La\nDirecci\u00f3n Zonal 6 cuenta con 34 cantones y 131 parroquias rurales. La Encuesta\nde Violencia de G\u00e9nero del 2019 ubica a estas provincias entre las cinco primeras\ncon m\u00e1s alto \u00edndice de violencia a nivel nacional: 79,20% Azuay, 78,90% Morona\nSantiago y 74,90% Ca\u00f1ar.<\/p>\n\n\n\n<p class=\"wp-block-paragraph\">El\nGobierno del Encuentro, del presidente Guillermo Lasso, busca erradicar la\nviolencia contra la mujer.&nbsp; El objetivo\nser\u00e1 Fortalecer el Sistema Nacional de Prevenci\u00f3n y Erradicaci\u00f3n de la\nViolencia en territorio.<\/p>\n\n\n\n<p class=\"wp-block-paragraph\">En este\nsentido, la Secretar\u00eda de Derechos Humanos buscar\u00e1 proporcionar apoyo t\u00e9cnico,\norientaci\u00f3n y motivaci\u00f3n a los Gobiernos Aut\u00f3nomos descentralizados, para la\nprevenci\u00f3n y erradicaci\u00f3n de la violencia, mediante mecanismos de cooperaci\u00f3n,\nlogrando fortalecer las instancias de participaci\u00f3n ciudadana.<\/p>\n\n\n\n<p class=\"wp-block-paragraph\">La Secretaria Ord\u00f3\u00f1ez Moscoso visit\u00f3, junto a la directora\nzonal 6, este lunes 31 de mayo la&nbsp; Casa\nde Acogida Mar\u00eda Amor, que brinda refugio y atenci\u00f3n a mujeres, v\u00edctimas de\nviolencia, y sus hjos e hijas. <\/p>\n\n\n\n<p class=\"wp-block-paragraph\">La directora zonal 6 es M\u00e1ster en Leyes en Derechos Humanos\nInterculturales por la St. Thomas University Escuela de Leyes, en Miami\n(EE.UU.), en donde recibi\u00f3 honores cum lade.<\/p>\n\n\n\n<p class=\"wp-block-paragraph\">Tiene amplia experiencia en la Funci\u00f3n Judicial del Azuay, asi\ncomo abogada de coactivas en el Instituto Ecuatoriano de Cr\u00e9dito Educativo y\nBecas (IECE), en el Banco Cofiec y el Ministerio de Relaciones Laborales. <\/p>\n\n\n\n<p class=\"wp-block-paragraph\"><strong>Departamento de Comunicaci\u00f3n Social<\/strong><\/p>\n","protected":false},"excerpt":{"rendered":"<p class=\"excerpt\">La Secretaria de Derechos Humanos, Bernarda Ord\u00f3\u00f1ez Moscoso, design\u00f3 a Esperanza Neira como directora zonal 6. Neira, quien es doctora en Jurisprudencia y Abogada de los Tribunales de Justicia de la Rep\u00fablica del Ecuador por la Universidad del Azuay, estar\u00e1 a cargo de coordinar las acciones de la instituci\u00f3n en las provincias de Azuay, Morona Santiago y Ca\u00f1ar. La Direcci\u00f3n&hellip; <a href=\"https:\/\/www.ministeriodegobierno.gob.ec\/derechoshumanos\/2021\/05\/31\/erradicar-la-violencia-contra-la-mujer-en-azuay-canar-y-morona-es-la-meta-de-la-secretaria-de-derechos-humanos\/\">Read more &rarr;<\/a><\/p>\n","protected":false},"author":8,"featured_media":9329,"comment_status":"closed","ping_status":"closed","sticky":false,"template":"","format":"standard","meta":{"footnotes":""},"categories":[20,5,6],"tags":[],"class_list":["post-9328","post","type-post","status-publish","format-standard","has-post-thumbnail","hentry","category-boletin-de-prensa","category-noticias","category-noticias-destacadas","xfolkentry"],"_links":{"self":[{"href":"https:\/\/www.ministeriodegobierno.gob.ec\/derechoshumanos\/wp-json\/wp\/v2\/posts\/9328","targetHints":{"allow":["GET"]}}],"collection":[{"href":"https:\/\/www.ministeriodegobierno.gob.ec\/derechoshumanos\/wp-json\/wp\/v2\/posts"}],"about":[{"href":"https:\/\/www.ministeriodegobierno.gob.ec\/derechoshumanos\/wp-json\/wp\/v2\/types\/post"}],"author":[{"embeddable":true,"href":"https:\/\/www.ministeriodegobierno.gob.ec\/derechoshumanos\/wp-json\/wp\/v2\/users\/8"}],"replies":[{"embeddable":true,"href":"https:\/\/www.ministeriodegobierno.gob.ec\/derechoshumanos\/wp-json\/wp\/v2\/comments?post=9328"}],"version-history":[{"count":1,"href":"https:\/\/www.ministeriodegobierno.gob.ec\/derechoshumanos\/wp-json\/wp\/v2\/posts\/9328\/revisions"}],"predecessor-version":[{"id":9330,"href":"https:\/\/www.ministeriodegobierno.gob.ec\/derechoshumanos\/wp-json\/wp\/v2\/posts\/9328\/revisions\/9330"}],"wp:featuredmedia":[{"embeddable":true,"href":"https:\/\/www.ministeriodegobierno.gob.ec\/derechoshumanos\/wp-json\/wp\/v2\/media\/9329"}],"wp:attachment":[{"href":"https:\/\/www.ministeriodegobierno.gob.ec\/derechoshumanos\/wp-json\/wp\/v2\/media?parent=9328"}],"wp:term":[{"taxonomy":"category","embeddable":true,"href":"https:\/\/www.ministeriodegobierno.gob.ec\/derechoshumanos\/wp-json\/wp\/v2\/categories?post=9328"},{"taxonomy":"post_tag","embeddable":true,"href":"https:\/\/www.ministeriodegobierno.gob.ec\/derechoshumanos\/wp-json\/wp\/v2\/tags?post=9328"}],"curies":[{"name":"wp","href":"https:\/\/api.w.org\/{rel}","templated":true}]}}