{"id":9435,"date":"2021-06-10T22:36:32","date_gmt":"2021-06-11T03:36:32","guid":{"rendered":"https:\/\/www.derechoshumanos.gob.ec\/?p=9435"},"modified":"2021-06-11T06:31:19","modified_gmt":"2021-06-11T11:31:19","slug":"directora-ejecutiva-de-naciones-unidas-visita-ecuador-para-promover-la-igualdad-de-genero-y-el-empoderamiento-de-las-mujeres","status":"publish","type":"post","link":"https:\/\/www.ministeriodegobierno.gob.ec\/derechoshumanos\/2021\/06\/10\/directora-ejecutiva-de-naciones-unidas-visita-ecuador-para-promover-la-igualdad-de-genero-y-el-empoderamiento-de-las-mujeres\/","title":{"rendered":"DIRECTORA EJECUTIVA DE NACIONES UNIDAS VISITA ECUADOR PARA PROMOVER LA IGUALDAD DE G\u00c9NERO Y EL EMPODERAMIENTO DE LAS MUJERES"},"content":{"rendered":"\n<p class=\"wp-block-paragraph\"><strong>Quito, Ecuador.-<\/strong> El Gobierno del Encuentro cumple con su compromiso de garantizar los derechos de las mujeres en nuestro pa\u00eds. Por ello, este viernes 11 de junio tendr\u00e1 lugar la visita de una Misi\u00f3n de Alto Nivel de la Organizaci\u00f3n de Naciones Unidas, liderada por Anita Bhatia, Directora Ejecutiva Adjunta de ONU Mujeres y Subsecretaria de Naciones Unidas, con el fin de marcar una hoja de ruta de asistencia y cooperaci\u00f3n.<\/p>\n\n\n\n<p class=\"wp-block-paragraph\">La\nvisita oficial incluye varias reuniones, una de estas con el Presidente de la\nRep\u00fablica, Guillermo Lasso, donde compartir\u00e1n experiencias sobre el\nempoderamiento econ\u00f3mico, la innovaci\u00f3n financiera y erradicaci\u00f3n del femicidio.<\/p>\n\n\n\n<p class=\"wp-block-paragraph\">Por\nmedio de la Secretar\u00eda de Derechos Humanos se logr\u00f3 la coordinaci\u00f3n de esta\nagenda que constituye un hito importante en nuestro pa\u00eds, por ser la primera\nvez que Anita Bathia, referente en el \u00e1rea de\nalianzas estrat\u00e9gicas, movilizaci\u00f3n y gesti\u00f3n de los recursos, visita el\nEcuador, aportando su experiencia sobre acciones de\nreactivaci\u00f3n econ\u00f3mica y el progreso para la igualdad de g\u00e9nero.<\/p>\n\n\n\n<p class=\"wp-block-paragraph\">La\nSecretaria de Derechos Humanos, Bernarda Ord\u00f3\u00f1ez Moscoso, acompa\u00f1ar\u00e1 a la Alta\nComisionada de ONU Mujeres en todas sus actividades y se\u00f1al\u00f3 que: \u201c<em>esta\nvisita es muy importante pues necesitamos trabajar en mecanismos de cooperaci\u00f3n\ny asistencia internacional para la implementaci\u00f3n del Plan Mujeres Empoderadas\ny Libres de Violencia, que consta en las acciones a realizar durante los 100\nprimeros d\u00edas de Gobierno\u201d.<\/em><\/p>\n\n\n\n<p class=\"wp-block-paragraph\">Este Plan impulsa dos pilotos de Centros Violeta, que\nser\u00e1n espacios que proveer\u00e1n atenci\u00f3n integral, sin discriminaci\u00f3n y total\nconfidencialidad, a sobrevivientes de violencia; la ejecuci\u00f3n del\nRegistro \u00danico de Violencia; el impulso a la Ley Org\u00e1nica para Garantizar el\nAcceso a la Salud Menstrual a Ni\u00f1as, Adolescentes y Mujeres; y a la\nconstrucci\u00f3n de la primera pol\u00edtica p\u00fablica integral de erradicaci\u00f3n de todas\nlas formas de violencia contra la diversidad.<\/p>\n\n\n\n<p class=\"wp-block-paragraph\">Asimismo,\nse implementar\u00e1 la primera pol\u00edtica p\u00fablica integral de erradicaci\u00f3n de todas\nlas formas de violencia contra la diversidad. A trav\u00e9s de este Plan, se\nratifica que en el Ecuador del Encuentro son intolerables todos los tipos de\nviolencia, incluyendo aquella en contra de las poblaciones LGBTIQ+. Vivimos en\npa\u00eds diverso, pluralista e intercultural que debe garantizar espacios seguros\nlibres de discriminaci\u00f3n para todas y todos.<\/p>\n\n\n\n<p class=\"wp-block-paragraph\">Adem\u00e1s, dialogar\u00e1 con los Ministros de Relaciones Exteriores, Mauricio Montalvo, de Econom\u00eda y Finanzas, Sim\u00f3n Cueva y de Producci\u00f3n, Comercio Exterior, Inversiones y Pesca, Julio Jos\u00e9 Prado, sobre mecanismos de innovaci\u00f3n financiera y empoderamiento econ\u00f3mico de las mujeres, para su implementaci\u00f3n en los primeros 100 d\u00edas de Gobierno. <\/p>\n\n\n\n<p class=\"wp-block-paragraph\">Para\nfinalizar la agenda, se\nreunir\u00e1 con la Mesa de G\u00e9nero de la Cooperaci\u00f3n\nInternacional en Ecuador (MEGECI), que es un espacio de coordinaci\u00f3n que\npermite articular esfuerzos y potenciar resultados de la cooperaci\u00f3n internacional\nen Ecuador.<\/p>\n\n\n\n<p class=\"wp-block-paragraph\">Anita Bhatia es Directora Ejecutiva Adjunta de\nCoordinaci\u00f3n, Asociaciones, Recursos y Sostenibilidad de ONU Mujeres y\nSubsecretaria General de las Naciones Unidas, ha desarrollado y expandido\nalianzas innovadoras con socios del sector p\u00fablico y privado, con el fin de\napoyar la estrategia de la Corporaci\u00f3n Financiera Internacional en \u00e1reas clave,\nincluidos los estados fr\u00e1giles y afectados por conflictos, la igualdad de\ng\u00e9nero, la inclusi\u00f3n financiera, el apoyo a empresas lideradas por mujeres y\notras prioridades fundamentales para la consecuci\u00f3n de los Objetivos de\nDesarrollo Sostenible (ODS). <\/p>\n","protected":false},"excerpt":{"rendered":"<p class=\"excerpt\">Quito, Ecuador.- El Gobierno del Encuentro cumple con su compromiso de garantizar los derechos de las mujeres en nuestro pa\u00eds. Por ello, este viernes 11 de junio tendr\u00e1 lugar la visita de una Misi\u00f3n de Alto Nivel de la Organizaci\u00f3n de Naciones Unidas, liderada por Anita Bhatia, Directora Ejecutiva Adjunta de ONU Mujeres y Subsecretaria de Naciones Unidas, con el&hellip; <a href=\"https:\/\/www.ministeriodegobierno.gob.ec\/derechoshumanos\/2021\/06\/10\/directora-ejecutiva-de-naciones-unidas-visita-ecuador-para-promover-la-igualdad-de-genero-y-el-empoderamiento-de-las-mujeres\/\">Read more &rarr;<\/a><\/p>\n","protected":false},"author":8,"featured_media":0,"comment_status":"closed","ping_status":"closed","sticky":false,"template":"","format":"standard","meta":{"footnotes":""},"categories":[20,5,6],"tags":[],"class_list":["post-9435","post","type-post","status-publish","format-standard","hentry","category-boletin-de-prensa","category-noticias","category-noticias-destacadas","xfolkentry"],"_links":{"self":[{"href":"https:\/\/www.ministeriodegobierno.gob.ec\/derechoshumanos\/wp-json\/wp\/v2\/posts\/9435","targetHints":{"allow":["GET"]}}],"collection":[{"href":"https:\/\/www.ministeriodegobierno.gob.ec\/derechoshumanos\/wp-json\/wp\/v2\/posts"}],"about":[{"href":"https:\/\/www.ministeriodegobierno.gob.ec\/derechoshumanos\/wp-json\/wp\/v2\/types\/post"}],"author":[{"embeddable":true,"href":"https:\/\/www.ministeriodegobierno.gob.ec\/derechoshumanos\/wp-json\/wp\/v2\/users\/8"}],"replies":[{"embeddable":true,"href":"https:\/\/www.ministeriodegobierno.gob.ec\/derechoshumanos\/wp-json\/wp\/v2\/comments?post=9435"}],"version-history":[{"count":2,"href":"https:\/\/www.ministeriodegobierno.gob.ec\/derechoshumanos\/wp-json\/wp\/v2\/posts\/9435\/revisions"}],"predecessor-version":[{"id":9439,"href":"https:\/\/www.ministeriodegobierno.gob.ec\/derechoshumanos\/wp-json\/wp\/v2\/posts\/9435\/revisions\/9439"}],"wp:attachment":[{"href":"https:\/\/www.ministeriodegobierno.gob.ec\/derechoshumanos\/wp-json\/wp\/v2\/media?parent=9435"}],"wp:term":[{"taxonomy":"category","embeddable":true,"href":"https:\/\/www.ministeriodegobierno.gob.ec\/derechoshumanos\/wp-json\/wp\/v2\/categories?post=9435"},{"taxonomy":"post_tag","embeddable":true,"href":"https:\/\/www.ministeriodegobierno.gob.ec\/derechoshumanos\/wp-json\/wp\/v2\/tags?post=9435"}],"curies":[{"name":"wp","href":"https:\/\/api.w.org\/{rel}","templated":true}]}}