{"id":9442,"date":"2021-06-11T18:38:12","date_gmt":"2021-06-11T23:38:12","guid":{"rendered":"https:\/\/www.derechoshumanos.gob.ec\/?p=9442"},"modified":"2021-06-11T18:38:13","modified_gmt":"2021-06-11T23:38:13","slug":"empoderamiento-economico-de-las-mujeres-y-eliminar-la-violencia-de-genero-son-los-retos-del-gobierno-del-encuentro","status":"publish","type":"post","link":"https:\/\/www.ministeriodegobierno.gob.ec\/derechoshumanos\/2021\/06\/11\/empoderamiento-economico-de-las-mujeres-y-eliminar-la-violencia-de-genero-son-los-retos-del-gobierno-del-encuentro\/","title":{"rendered":"Empoderamiento econ\u00f3mico de las mujeres y eliminar la violencia de g\u00e9nero son los retos del Gobierno del Encuentro"},"content":{"rendered":"\n<p class=\"wp-block-paragraph\"><\/p>\n\n\n\n<p class=\"wp-block-paragraph\"><strong>Quito, Ecuador.-<\/strong> Empoderamiento econ\u00f3mico, erradicaci\u00f3n de la\nviolencia e innovaci\u00f3n financiera de las mujeres se analizaron este viernes 11\nde junio en la visita al Ecuador de Anita Bhatia, Directora Ejecutiva Adjunta de ONU Mujeres y\nSubsecretaria de Naciones Unidas.<\/p>\n\n\n\n<p class=\"wp-block-paragraph\">Bhatia se reuni\u00f3 con el presidente\nde la Rep\u00fablica, Guillermo Lasso, quien reiter\u00f3 que una de las prioridades del\nGobierno del Encuentro es la erradicaci\u00f3n de la violencia contra las mujeres. &nbsp;<\/p>\n\n\n\n<p class=\"wp-block-paragraph\">\u201cLos derechos de las mujeres son derechos humanos. Y pondremos en marcha\ntodas las pol\u00edticas necesarias para garantizarlos\u201d, afirm\u00f3 el Jefe de Estado el\npasado 24 de mayo, y la reuni\u00f3n con Bathia fue una materializaci\u00f3n de las\nacciones que se realizan en esa l\u00ednea.<\/p>\n\n\n\n<p class=\"wp-block-paragraph\">La Secretaria de Derechos Humanos, dio la bienvenida a la Comisionada de\nNaciones Unidas al Ecuador y se\u00f1al\u00f3 que \u201cesta visita marca un precedente en el\nEcuador porque marca una hoja de ruta&nbsp;\npara el trabajo conjunto por el empoderamiento econ\u00f3mico y en derechos\nde las mujeres\u201d. <\/p>\n\n\n\n<p class=\"wp-block-paragraph\">Luego, la Alta Comisionada de ONU Mujeres se reuni\u00f3 con los Ministros de\nEconom\u00eda y Finanzas, Sim\u00f3n Cueva y de Producci\u00f3n, Comercio Exterior,\nInversiones y Pesca, Julio Jos\u00e9 Prado, con quienes habl\u00f3 sobre la pol\u00edtica de\nEconom\u00eda Violeta y propuso la generaci\u00f3n del Bono de G\u00e9nero, que aporte en la\ninclusi\u00f3n financiera de las mujeres y reducir las brechas de g\u00e9nero que\nenfrentan las mujeres. <\/p>\n\n\n\n<p class=\"wp-block-paragraph\">Cueva ratific\u00f3 su compromiso en el empoderamiento econ\u00f3mico y la\ninnovaci\u00f3n financiera.&nbsp; <\/p>\n\n\n\n<p class=\"wp-block-paragraph\">De su lado, el ministro Prado felicit\u00f3 a la Secretaria Ord\u00f3\u00f1ez por\npromover los mecanismos de articulaci\u00f3n y cooperaci\u00f3n con ONU Mujeres, <\/p>\n\n\n\n<p class=\"wp-block-paragraph\">El objetivo de Bhatia es trabajar en conjunto con la Secretar\u00eda de\nDerechos Humanos hacia la equidad, empoderamiento y la inclusi\u00f3n financiera de\nlas mujeres. <\/p>\n\n\n\n<p class=\"wp-block-paragraph\">Bhatia reconoci\u00f3 que en el Gobierno del Encuentro es una prioridad\nlos&nbsp; derechos de las mujeres. \u201cNosotros\ncomo ONU Mujeres y como el Sistema de las Naciones Unidas estamos para apoyar\nal pa\u00eds en sus desaf\u00edos y vamos a trabajar de manera estrecha con la Secretar\u00eda\nde Derechos Humanos, para eliminar los femicidios, reducir la violencia y crear\noportunidades en el mercado laboral para las mujeres\u201d, indic\u00f3. <\/p>\n\n\n\n<p class=\"wp-block-paragraph\">En este sentido Ecuador\ncontar\u00e1 con el apoyo de las Naciones Unidas con asistencia t\u00e9cnica, impulso de\nemprendimientos de las mujeres mediante capacitaciones en temas de\ncontabilidad, matem\u00e1ticas y dem\u00e1s herramientas que permitan el desarrollo de\nsus proyectos, entre otros temas que se coordinar\u00e1n con Lena Savelli, Coordinadora\nResidente de las Naciones Unidas en Ecuador.<\/p>\n\n\n\n<p class=\"wp-block-paragraph\">Al finalizar la tarde mantuvo un dialog\u00f3 con la Mesa de G\u00e9nero de\nCooperaci\u00f3n internacional, misma que trabaja en torno a Derechos Econ\u00f3micos,\nViolencia de G\u00e9nero, Derechos Sociales y Derechos sexuales y reproductivos y\nexplic\u00f3 la importancia de trabajar conjuntamente con el Estado y la sociedad\ncivil para garantizar el derecho a una vida libre de violencia para las\nmujeres. <\/p>\n","protected":false},"excerpt":{"rendered":"<p class=\"excerpt\">Quito, Ecuador.- Empoderamiento econ\u00f3mico, erradicaci\u00f3n de la violencia e innovaci\u00f3n financiera de las mujeres se analizaron este viernes 11 de junio en la visita al Ecuador de Anita Bhatia, Directora Ejecutiva Adjunta de ONU Mujeres y Subsecretaria de Naciones Unidas. Bhatia se reuni\u00f3 con el presidente de la Rep\u00fablica, Guillermo Lasso, quien reiter\u00f3 que una de las prioridades del Gobierno&hellip; <a href=\"https:\/\/www.ministeriodegobierno.gob.ec\/derechoshumanos\/2021\/06\/11\/empoderamiento-economico-de-las-mujeres-y-eliminar-la-violencia-de-genero-son-los-retos-del-gobierno-del-encuentro\/\">Read more &rarr;<\/a><\/p>\n","protected":false},"author":6,"featured_media":9443,"comment_status":"closed","ping_status":"closed","sticky":false,"template":"","format":"standard","meta":{"footnotes":""},"categories":[20,5,6],"tags":[],"class_list":["post-9442","post","type-post","status-publish","format-standard","has-post-thumbnail","hentry","category-boletin-de-prensa","category-noticias","category-noticias-destacadas","xfolkentry"],"_links":{"self":[{"href":"https:\/\/www.ministeriodegobierno.gob.ec\/derechoshumanos\/wp-json\/wp\/v2\/posts\/9442","targetHints":{"allow":["GET"]}}],"collection":[{"href":"https:\/\/www.ministeriodegobierno.gob.ec\/derechoshumanos\/wp-json\/wp\/v2\/posts"}],"about":[{"href":"https:\/\/www.ministeriodegobierno.gob.ec\/derechoshumanos\/wp-json\/wp\/v2\/types\/post"}],"author":[{"embeddable":true,"href":"https:\/\/www.ministeriodegobierno.gob.ec\/derechoshumanos\/wp-json\/wp\/v2\/users\/6"}],"replies":[{"embeddable":true,"href":"https:\/\/www.ministeriodegobierno.gob.ec\/derechoshumanos\/wp-json\/wp\/v2\/comments?post=9442"}],"version-history":[{"count":1,"href":"https:\/\/www.ministeriodegobierno.gob.ec\/derechoshumanos\/wp-json\/wp\/v2\/posts\/9442\/revisions"}],"predecessor-version":[{"id":9444,"href":"https:\/\/www.ministeriodegobierno.gob.ec\/derechoshumanos\/wp-json\/wp\/v2\/posts\/9442\/revisions\/9444"}],"wp:featuredmedia":[{"embeddable":true,"href":"https:\/\/www.ministeriodegobierno.gob.ec\/derechoshumanos\/wp-json\/wp\/v2\/media\/9443"}],"wp:attachment":[{"href":"https:\/\/www.ministeriodegobierno.gob.ec\/derechoshumanos\/wp-json\/wp\/v2\/media?parent=9442"}],"wp:term":[{"taxonomy":"category","embeddable":true,"href":"https:\/\/www.ministeriodegobierno.gob.ec\/derechoshumanos\/wp-json\/wp\/v2\/categories?post=9442"},{"taxonomy":"post_tag","embeddable":true,"href":"https:\/\/www.ministeriodegobierno.gob.ec\/derechoshumanos\/wp-json\/wp\/v2\/tags?post=9442"}],"curies":[{"name":"wp","href":"https:\/\/api.w.org\/{rel}","templated":true}]}}