{"id":9445,"date":"2021-06-14T17:17:29","date_gmt":"2021-06-14T22:17:29","guid":{"rendered":"https:\/\/www.derechoshumanos.gob.ec\/?p=9445"},"modified":"2021-07-05T19:31:45","modified_gmt":"2021-07-06T00:31:45","slug":"secretaria-de-derechos-humanos-lidera-subcomision-tecnica-de-acceso-a-la-justicia","status":"publish","type":"post","link":"https:\/\/www.ministeriodegobierno.gob.ec\/derechoshumanos\/2021\/06\/14\/secretaria-de-derechos-humanos-lidera-subcomision-tecnica-de-acceso-a-la-justicia\/","title":{"rendered":"Secretar\u00eda de Derechos Humanos lidera Subcomisi\u00f3n T\u00e9cnica de Acceso a la Justicia"},"content":{"rendered":"\n<p class=\"wp-block-paragraph\"><strong>Quito,\nEcuador.-<\/strong> Por unanimidad,&nbsp;\nla Secretar\u00eda de Derechos Humanos, por medio de Tanya Torres Castillo,\nDirectora del Sistema Nacional de Prevenci\u00f3n de Violencia, liderar\u00e1 la\nSubcomisi\u00f3n T\u00e9cnica de Acceso a la Justicia en el per\u00edodo 2021 2022. <\/p>\n\n\n\n<p class=\"wp-block-paragraph\">Esta Subcomisi\u00f3n est\u00e1 integrada por delegados de la Corte Nacional de\nJusticia; Consejo de la Judicatura; Fiscal\u00eda General del Estado; Defensor\u00eda\nP\u00fablica, Ministerio de Inclusi\u00f3n Econ\u00f3mica y Social y esta cartera de Estado,\nvinculando la voluntad de las entidades de la Funci\u00f3n Ejecutiva y de la Funci\u00f3n\nJudicial, para un trabajo articulado de decisiones conjuntas que permitan\nsuperar las barreras que obstaculizan el acceso a justicia de las v\u00edctimas de\nviolencia, en particular mujeres, ni\u00f1as y adolescentes.<\/p>\n\n\n\n<p class=\"wp-block-paragraph\">Entre\nlas funciones de esta mesa de trabajo est\u00e1n: elaborar informes t\u00e9cnicos y&nbsp; propuestas t\u00e9cnico jur\u00eddicas para ser puestas\nen conocimiento de la Comisi\u00f3n Nacional Mixta de Acceso a la Justicia del\nEcuador. <\/p>\n\n\n\n<p class=\"wp-block-paragraph\">Esta mesa es la encargada de\nconocer, monitorear y aprobar los informes de las dem\u00e1s Subcomisiones T\u00e9cnicas\nEspecializadas como son: De Ni\u00f1ez y Adolescencia; Adolescentes en conflicto con\nla ley; De Mujeres; De Personas Adultas Mayores; De Personas con Discapacidad; De\nDiversidad Sexo Gen\u00e9rica; De Personas en Situaci\u00f3n de Movilidad Humana; De\nDiagn\u00f3stico y Estado de Situaci\u00f3n, as\u00ed como de proponer&nbsp; estudios o investigaciones para asegurar la\ntoma de decisiones, an\u00e1lisis de nudos cr\u00edticos y soluciones en la judicializaci\u00f3n,\ninvestigaci\u00f3n especializada y reparaci\u00f3n integral a las v\u00edctimas en los delitos\nde violencia sexual y femicidio.<\/p>\n\n\n\n<p class=\"wp-block-paragraph\"><\/p>\n","protected":false},"excerpt":{"rendered":"<p class=\"excerpt\">Quito, Ecuador.- Por unanimidad,&nbsp; la Secretar\u00eda de Derechos Humanos, por medio de Tanya Torres Castillo, Directora del Sistema Nacional de Prevenci\u00f3n de Violencia, liderar\u00e1 la Subcomisi\u00f3n T\u00e9cnica de Acceso a la Justicia en el per\u00edodo 2021 2022. Esta Subcomisi\u00f3n est\u00e1 integrada por delegados de la Corte Nacional de Justicia; Consejo de la Judicatura; Fiscal\u00eda General del Estado; Defensor\u00eda P\u00fablica, Ministerio&hellip; <a href=\"https:\/\/www.ministeriodegobierno.gob.ec\/derechoshumanos\/2021\/06\/14\/secretaria-de-derechos-humanos-lidera-subcomision-tecnica-de-acceso-a-la-justicia\/\">Read more &rarr;<\/a><\/p>\n","protected":false},"author":6,"featured_media":9509,"comment_status":"closed","ping_status":"closed","sticky":false,"template":"","format":"standard","meta":{"footnotes":""},"categories":[20,5,6],"tags":[],"class_list":["post-9445","post","type-post","status-publish","format-standard","has-post-thumbnail","hentry","category-boletin-de-prensa","category-noticias","category-noticias-destacadas","xfolkentry"],"_links":{"self":[{"href":"https:\/\/www.ministeriodegobierno.gob.ec\/derechoshumanos\/wp-json\/wp\/v2\/posts\/9445","targetHints":{"allow":["GET"]}}],"collection":[{"href":"https:\/\/www.ministeriodegobierno.gob.ec\/derechoshumanos\/wp-json\/wp\/v2\/posts"}],"about":[{"href":"https:\/\/www.ministeriodegobierno.gob.ec\/derechoshumanos\/wp-json\/wp\/v2\/types\/post"}],"author":[{"embeddable":true,"href":"https:\/\/www.ministeriodegobierno.gob.ec\/derechoshumanos\/wp-json\/wp\/v2\/users\/6"}],"replies":[{"embeddable":true,"href":"https:\/\/www.ministeriodegobierno.gob.ec\/derechoshumanos\/wp-json\/wp\/v2\/comments?post=9445"}],"version-history":[{"count":1,"href":"https:\/\/www.ministeriodegobierno.gob.ec\/derechoshumanos\/wp-json\/wp\/v2\/posts\/9445\/revisions"}],"predecessor-version":[{"id":9446,"href":"https:\/\/www.ministeriodegobierno.gob.ec\/derechoshumanos\/wp-json\/wp\/v2\/posts\/9445\/revisions\/9446"}],"wp:featuredmedia":[{"embeddable":true,"href":"https:\/\/www.ministeriodegobierno.gob.ec\/derechoshumanos\/wp-json\/wp\/v2\/media\/9509"}],"wp:attachment":[{"href":"https:\/\/www.ministeriodegobierno.gob.ec\/derechoshumanos\/wp-json\/wp\/v2\/media?parent=9445"}],"wp:term":[{"taxonomy":"category","embeddable":true,"href":"https:\/\/www.ministeriodegobierno.gob.ec\/derechoshumanos\/wp-json\/wp\/v2\/categories?post=9445"},{"taxonomy":"post_tag","embeddable":true,"href":"https:\/\/www.ministeriodegobierno.gob.ec\/derechoshumanos\/wp-json\/wp\/v2\/tags?post=9445"}],"curies":[{"name":"wp","href":"https:\/\/api.w.org\/{rel}","templated":true}]}}