{"id":9447,"date":"2021-06-15T18:20:20","date_gmt":"2021-06-15T23:20:20","guid":{"rendered":"https:\/\/www.derechoshumanos.gob.ec\/?p=9447"},"modified":"2021-06-15T18:22:49","modified_gmt":"2021-06-15T23:22:49","slug":"el-gobierno-del-encuentro-se-compromete-a-continuar-trabajando-por-los-derechos-de-todos-los-ecuatorianos","status":"publish","type":"post","link":"https:\/\/www.ministeriodegobierno.gob.ec\/derechoshumanos\/2021\/06\/15\/el-gobierno-del-encuentro-se-compromete-a-continuar-trabajando-por-los-derechos-de-todos-los-ecuatorianos\/","title":{"rendered":"El Gobierno del Encuentro se compromete a continuar trabajando por los derechos de todos los ecuatorianos"},"content":{"rendered":"\n<p class=\"wp-block-paragraph\"><\/p>\n\n\n\n<p class=\"wp-block-paragraph\"><strong>Quito, Ecuador.-<\/strong> La Secretaria de Derechos\nHumanos, Bernarda Ord\u00f3\u00f1ez Moscoso, en representaci\u00f3n del Presidente de la\nRep\u00fablica, Guillermo Lasso, particip\u00f3 en la presentaci\u00f3n del informe\n\u00abSituaci\u00f3n de personas defensoras de derechos humanos, colectivos y de la\nnaturaleza en Ecuador: Retos y desaf\u00edos en la construcci\u00f3n de sistemas\nintegrales y diferenciados para su protecci\u00f3n\u00bb.<\/p>\n\n\n\n<p class=\"wp-block-paragraph\">En el encuentro participaron representantes de 20 organizaciones, quienes aportaron en la construcci\u00f3n de este documento que analiz\u00f3 la situaci\u00f3n de personas defensoras y defensores de derechos humanos, colectivos y de la naturaleza en el Ecuador.<\/p>\n\n\n\n<p class=\"wp-block-paragraph\">El informe recoge 22 casos emblem\u00e1ticos, que, en\nlos \u00faltimos diez a\u00f1os, reflejaron una persistente situaci\u00f3n de vulnerabilidad y\nriesgo. <\/p>\n\n\n\n<p class=\"wp-block-paragraph\">Bernarda Ord\u00f3\u00f1ez Moscoso en su intervenci\u00f3n, se\u00f1al\u00f3 que conoce de cerca los casos y se comprometi\u00f3 a trabajar por cambiar esta realidad.<\/p>\n\n\n\n<p class=\"wp-block-paragraph\">\u201cEn el Gobierno del Encuentro nos tomamos los derechos en serio, ese es nuestro compromiso, debemos continuar con el trabajo de la Mesa Interinstitucional, que est\u00e1 al frente de la Defensor\u00eda del Pueblo, bajar del papel a la acci\u00f3n\u201d, manifest\u00f3. <\/p>\n\n\n\n<p class=\"wp-block-paragraph\">Adem\u00e1s, indic\u00f3 que las puertas de la Secretar\u00eda de Derechos Humanos est\u00e1n abiertas para el trabajo articulado con todas las instituciones del Estado y con la sociedad civil, para desarrollar pol\u00edticas p\u00fablicas integrales que promuevan y garanticen los derechos humanos en todo el Ecuador.<\/p>\n\n\n\n<p class=\"wp-block-paragraph\">\u201cSomos el puente entre el Estado y la sociedad civil, soy una firme defensora de derechos humanos\u201d, agreg\u00f3 la Secretaria Ord\u00f3\u00f1ez, quien se\u00f1al\u00f3 que en el Gobierno del Presidente Lasso \u201cse toman&nbsp;en serio los derechos humanos para trabajar en agendas comunes, desde sociedad civil sigan levantando su voz, que los estamos escuchando\u201d, concluy\u00f3.<\/p>\n\n\n\n<p class=\"wp-block-paragraph\"><\/p>\n","protected":false},"excerpt":{"rendered":"<p class=\"excerpt\">Quito, Ecuador.- La Secretaria de Derechos Humanos, Bernarda Ord\u00f3\u00f1ez Moscoso, en representaci\u00f3n del Presidente de la Rep\u00fablica, Guillermo Lasso, particip\u00f3 en la presentaci\u00f3n del informe \u00abSituaci\u00f3n de personas defensoras de derechos humanos, colectivos y de la naturaleza en Ecuador: Retos y desaf\u00edos en la construcci\u00f3n de sistemas integrales y diferenciados para su protecci\u00f3n\u00bb. En el encuentro participaron representantes de 20&hellip; <a href=\"https:\/\/www.ministeriodegobierno.gob.ec\/derechoshumanos\/2021\/06\/15\/el-gobierno-del-encuentro-se-compromete-a-continuar-trabajando-por-los-derechos-de-todos-los-ecuatorianos\/\">Read more &rarr;<\/a><\/p>\n","protected":false},"author":6,"featured_media":9448,"comment_status":"closed","ping_status":"closed","sticky":false,"template":"","format":"standard","meta":{"footnotes":""},"categories":[20,5,6],"tags":[],"class_list":["post-9447","post","type-post","status-publish","format-standard","has-post-thumbnail","hentry","category-boletin-de-prensa","category-noticias","category-noticias-destacadas","xfolkentry"],"_links":{"self":[{"href":"https:\/\/www.ministeriodegobierno.gob.ec\/derechoshumanos\/wp-json\/wp\/v2\/posts\/9447","targetHints":{"allow":["GET"]}}],"collection":[{"href":"https:\/\/www.ministeriodegobierno.gob.ec\/derechoshumanos\/wp-json\/wp\/v2\/posts"}],"about":[{"href":"https:\/\/www.ministeriodegobierno.gob.ec\/derechoshumanos\/wp-json\/wp\/v2\/types\/post"}],"author":[{"embeddable":true,"href":"https:\/\/www.ministeriodegobierno.gob.ec\/derechoshumanos\/wp-json\/wp\/v2\/users\/6"}],"replies":[{"embeddable":true,"href":"https:\/\/www.ministeriodegobierno.gob.ec\/derechoshumanos\/wp-json\/wp\/v2\/comments?post=9447"}],"version-history":[{"count":2,"href":"https:\/\/www.ministeriodegobierno.gob.ec\/derechoshumanos\/wp-json\/wp\/v2\/posts\/9447\/revisions"}],"predecessor-version":[{"id":9450,"href":"https:\/\/www.ministeriodegobierno.gob.ec\/derechoshumanos\/wp-json\/wp\/v2\/posts\/9447\/revisions\/9450"}],"wp:featuredmedia":[{"embeddable":true,"href":"https:\/\/www.ministeriodegobierno.gob.ec\/derechoshumanos\/wp-json\/wp\/v2\/media\/9448"}],"wp:attachment":[{"href":"https:\/\/www.ministeriodegobierno.gob.ec\/derechoshumanos\/wp-json\/wp\/v2\/media?parent=9447"}],"wp:term":[{"taxonomy":"category","embeddable":true,"href":"https:\/\/www.ministeriodegobierno.gob.ec\/derechoshumanos\/wp-json\/wp\/v2\/categories?post=9447"},{"taxonomy":"post_tag","embeddable":true,"href":"https:\/\/www.ministeriodegobierno.gob.ec\/derechoshumanos\/wp-json\/wp\/v2\/tags?post=9447"}],"curies":[{"name":"wp","href":"https:\/\/api.w.org\/{rel}","templated":true}]}}