{"id":9451,"date":"2021-06-17T11:23:35","date_gmt":"2021-06-17T16:23:35","guid":{"rendered":"https:\/\/www.derechoshumanos.gob.ec\/?p=9451"},"modified":"2021-06-17T11:23:38","modified_gmt":"2021-06-17T16:23:38","slug":"mesa-del-sistema-integral-para-prevenir-y-erradicar-la-violencia-contra-las-mujeres-se-activa-en-cuenca","status":"publish","type":"post","link":"https:\/\/www.ministeriodegobierno.gob.ec\/derechoshumanos\/2021\/06\/17\/mesa-del-sistema-integral-para-prevenir-y-erradicar-la-violencia-contra-las-mujeres-se-activa-en-cuenca\/","title":{"rendered":"MESA DEL SISTEMA INTEGRAL PARA PREVENIR Y ERRADICAR LA VIOLENCIA CONTRA LAS MUJERES SE ACTIVA EN CUENCA"},"content":{"rendered":"\n<p class=\"wp-block-paragraph\"><\/p>\n\n\n\n<p class=\"wp-block-paragraph\">La Secretaria de Derechos Humanos, Bernarda Ord\u00f3\u00f1ez Moscoso, instal\u00f3 este 17 de junio la Mesa deI Sistema Nacional Integral para Prevenir y Erradicar la Violencia contra las mujeres, en Cuenca, para brindar atenci\u00f3n, acompa\u00f1amiento inmediato y protecci\u00f3n integral. <\/p>\n\n\n\n<p class=\"wp-block-paragraph\">La Mesa instala frente a lo que vive Azuay con respecto a la violencia hacia a las mujeres y\nas\u00ed de manera inmediata activar los protocolos de atenci\u00f3n.<\/p>\n\n\n\n<p class=\"wp-block-paragraph\">El Servicio de\nProtecci\u00f3n Integral (SPI) atendi\u00f3 en 2020 en la Zona 6, que comprende las provincias\nde Azuay, Morona Santiago y Ca\u00f1ar, a 3.792 sobrevivientes. Solo en lo que va de\n2021 se atendi\u00f3 a 2.589 personas.<\/p>\n\n\n\n<p class=\"wp-block-paragraph\">Solamente en\nCuenca, el SPI brind\u00f3 apoyo integral a 2.045 mujeres, ni\u00f1as, ni\u00f1os y\nadolescentes.<\/p>\n\n\n\n<p class=\"wp-block-paragraph\">Por tipo de\nviolencia, la psicol\u00f3gica es la que m\u00e1s enfrentan las sobrevivientes con&nbsp; 1.075 casos y 776 casos de violencia f\u00edsica;\nseguidos de 141 casos de violencia sexual, 42 casos de trata y tr\u00e1fico; 9 de\nviolencia econ\u00f3mica y patrimonial y 2 casos de violencia simb\u00f3lica. <\/p>\n\n\n\n<p class=\"wp-block-paragraph\">El Sistema Nacional Integral\npara Prevenir y Erradicar la Violencia contra las Mujeres es el conjunto\norganizado y articulado de instituciones, normas, pol\u00edticas, planes, programas,\nmecanismos y actividades orientados a prevenir y a erradicar la violencia\ncontra las mujeres, a trav\u00e9s de la prevenci\u00f3n, atenci\u00f3n, protecci\u00f3n y\nreparaci\u00f3n integral de los derechos de las v\u00edctimas.<\/p>\n\n\n\n<p class=\"wp-block-paragraph\">La Mesa est\u00e1 conformoda por\nrepresentantes de 22 instituciones de tres funciones del Estado, Ejecutivo,\nJudicial y de Transparencia y Control Social, entre ellas el:<\/p>\n\n\n\n<ul class=\"wp-block-list\"><li>Servicio Integrado de Seguridad ECU 911<\/li><li>Consejo de la Judicatura<\/li><li>Fiscal\u00eda General del Estado<\/li><li>Defensor\u00eda P\u00fablica<\/li><li>Defensor\u00eda del Pueblo<\/li><li>Ministerio de Educaci\u00f3n<\/li><li>Ministerio de Salud<\/li><li>Secretar\u00eda de Educaci\u00f3n Superior, Ciencia, Tecnol\u00f3gia\ne Innovaci\u00f3n<\/li><li>Ministerio de Gobierno<\/li><li>Ministerio del Trabajo<\/li><li>Ministerio de Inclusi\u00f3n Econ\u00f3mica y Social<\/li><li>Consejos Nacionales para la Igualdad<\/li><li>Consejo de Regulaci\u00f3n y Desarrollo de la\nInformaci\u00f3n y Comunicaci\u00f3n<\/li><li>Instituto Nacional de Estad\u00edsticas y Censos<\/li><\/ul>\n\n\n\n<p class=\"wp-block-paragraph\">Estas instituciones en el \u00e1mbito\nde sus respectivas competencias prestan atenci\u00f3n m\u00e9dica, psicol\u00f3gica,\nsocioecon\u00f3mica y asesor\u00eda jur\u00eddica a las sobrevivientes, de manera\nespecializada, interseccional, interdisciplinaria, integral, inmediata y gratuita.<\/p>\n\n\n\n<p class=\"wp-block-paragraph\">Tambi\u00e9n se solicit\u00f3 a las\nentidades pertinentes el otorgamiento de acciones urgentes y medidas\nadministrativas de protecci\u00f3n inmediata y reparaci\u00f3n integral para las mujeres.<\/p>\n\n\n\n<p class=\"wp-block-paragraph\"><strong>DIRECCI\u00d3N DE COMUNICACI\u00d3N\nSOCIAL<\/strong><\/p>\n","protected":false},"excerpt":{"rendered":"<p class=\"excerpt\">La Secretaria de Derechos Humanos, Bernarda Ord\u00f3\u00f1ez Moscoso, instal\u00f3 este 17 de junio la Mesa deI Sistema Nacional Integral para Prevenir y Erradicar la Violencia contra las mujeres, en Cuenca, para brindar atenci\u00f3n, acompa\u00f1amiento inmediato y protecci\u00f3n integral. La Mesa instala frente a lo que vive Azuay con respecto a la violencia hacia a las mujeres y as\u00ed de manera&hellip; <a href=\"https:\/\/www.ministeriodegobierno.gob.ec\/derechoshumanos\/2021\/06\/17\/mesa-del-sistema-integral-para-prevenir-y-erradicar-la-violencia-contra-las-mujeres-se-activa-en-cuenca\/\">Read more &rarr;<\/a><\/p>\n","protected":false},"author":6,"featured_media":9453,"comment_status":"closed","ping_status":"closed","sticky":false,"template":"","format":"standard","meta":{"footnotes":""},"categories":[20,5,6],"tags":[],"class_list":["post-9451","post","type-post","status-publish","format-standard","has-post-thumbnail","hentry","category-boletin-de-prensa","category-noticias","category-noticias-destacadas","xfolkentry"],"_links":{"self":[{"href":"https:\/\/www.ministeriodegobierno.gob.ec\/derechoshumanos\/wp-json\/wp\/v2\/posts\/9451","targetHints":{"allow":["GET"]}}],"collection":[{"href":"https:\/\/www.ministeriodegobierno.gob.ec\/derechoshumanos\/wp-json\/wp\/v2\/posts"}],"about":[{"href":"https:\/\/www.ministeriodegobierno.gob.ec\/derechoshumanos\/wp-json\/wp\/v2\/types\/post"}],"author":[{"embeddable":true,"href":"https:\/\/www.ministeriodegobierno.gob.ec\/derechoshumanos\/wp-json\/wp\/v2\/users\/6"}],"replies":[{"embeddable":true,"href":"https:\/\/www.ministeriodegobierno.gob.ec\/derechoshumanos\/wp-json\/wp\/v2\/comments?post=9451"}],"version-history":[{"count":1,"href":"https:\/\/www.ministeriodegobierno.gob.ec\/derechoshumanos\/wp-json\/wp\/v2\/posts\/9451\/revisions"}],"predecessor-version":[{"id":9454,"href":"https:\/\/www.ministeriodegobierno.gob.ec\/derechoshumanos\/wp-json\/wp\/v2\/posts\/9451\/revisions\/9454"}],"wp:featuredmedia":[{"embeddable":true,"href":"https:\/\/www.ministeriodegobierno.gob.ec\/derechoshumanos\/wp-json\/wp\/v2\/media\/9453"}],"wp:attachment":[{"href":"https:\/\/www.ministeriodegobierno.gob.ec\/derechoshumanos\/wp-json\/wp\/v2\/media?parent=9451"}],"wp:term":[{"taxonomy":"category","embeddable":true,"href":"https:\/\/www.ministeriodegobierno.gob.ec\/derechoshumanos\/wp-json\/wp\/v2\/categories?post=9451"},{"taxonomy":"post_tag","embeddable":true,"href":"https:\/\/www.ministeriodegobierno.gob.ec\/derechoshumanos\/wp-json\/wp\/v2\/tags?post=9451"}],"curies":[{"name":"wp","href":"https:\/\/api.w.org\/{rel}","templated":true}]}}