{"id":9459,"date":"2021-06-18T10:25:54","date_gmt":"2021-06-18T15:25:54","guid":{"rendered":"https:\/\/www.derechoshumanos.gob.ec\/?p=9459"},"modified":"2021-06-18T10:26:46","modified_gmt":"2021-06-18T15:26:46","slug":"secretaria-de-derechos-humanos-desarrollo-el-foro-academico-virtual-denominado-nuevas-perspectivas-sobre-el-inti-raymi","status":"publish","type":"post","link":"https:\/\/www.ministeriodegobierno.gob.ec\/derechoshumanos\/2021\/06\/18\/secretaria-de-derechos-humanos-desarrollo-el-foro-academico-virtual-denominado-nuevas-perspectivas-sobre-el-inti-raymi\/","title":{"rendered":"Secretar\u00eda de Derechos Humanos desarroll\u00f3 el Foro acad\u00e9mico virtual denominado \u201cNuevas Perspectivas sobre el Inti Raymi\u201d"},"content":{"rendered":"\n<p class=\"wp-block-paragraph\"><\/p>\n\n\n\n<p class=\"wp-block-paragraph\">&nbsp;\u201cEl Inti\nRaymi es la fiesta m\u00e1s importante en los Andes, con el&nbsp; paso del tiempo se ha extendido por todo el\npa\u00eds. Esta celebraci\u00f3n convoca no solo a nacionalidades ind\u00edgenas, sino tambi\u00e9n\na mestizos, afros y montubios\u201d. Esa fue una de las conclusiones a las que lleg\u00f3\nel&nbsp; Foro acad\u00e9mico virtual denominado \u201cNuevas Perspectivas\nsobre el Inti Raymi, que se realiz\u00f3 este jueves 17 de junio, de manera\ntelem\u00e1tica, en Quito.<\/p>\n\n\n\n<p class=\"wp-block-paragraph\">El encuentro organizado por la Subsecretaria de\nNacionalidades, Pueblos y Movimientos Sociales reuni\u00f3 a expertos nacionales y\nextranjeros, quienes hablaron de esta celebraci\u00f3n desde la cultura que cambia y\ntambi\u00e9n se sostiene en la modernidad. <\/p>\n\n\n\n<p class=\"wp-block-paragraph\">\u201cLos pueblos kichwas mantienen viva esta celebraci\u00f3n y la han revitalizado e internacionalizado, las nacionalidades ind\u00edgenas est\u00e1n presentes en el mundo\u201d, record\u00f3 Samia M\u00e1rmol, subsecretaria de Nacionalidades, Pueblos y Movimientos Sociales.<\/p>\n\n\n\n<p class=\"wp-block-paragraph\">Seg\u00fan M\u00e1rmol, las comunidades en el exterior festejan el Inti Raymi, y \u201ces una oportunidad para que los pueblos kichwas y residentes en otras partes del mundo se encuentren y\u00a0 fortalezcan sus identidades individuales\u201d.<\/p>\n\n\n\n<p class=\"wp-block-paragraph\">El Gobierno del Encuentro trabaja en el fortalecimiento de los pueblos y las nacionalidades del Ecuador. <\/p>\n\n\n\n<p class=\"wp-block-paragraph\">Emilia Cisneros, en representaci\u00f3n de la Secretaria de Derechos Humanos,\nBernarda Ord\u00f3\u00f1ez Moscoso, se\u00f1al\u00f3 que se trabaja en la construcci\u00f3n del Estado\nPlurinacional y la Sociedad Intercultural, \u201cpor esto celebramos y reconocemos\nal Inti Raymi como una de las mayores expresiones de cultura en nuestro pa\u00eds\u201d. <\/p>\n\n\n\n<p class=\"wp-block-paragraph\">Reiter\u00f3 que en el \u201cGobierno del Encuentro nos tomamos en serio los derechos\nhumanos de todos los ecuatorianos\u201d. <\/p>\n\n\n\n<p class=\"wp-block-paragraph\">De su lado, Ang\u00e9lica Alomoto, artista visual, docente e investigadora, plante\u00f3 las nuevas perspectivas\nsobre el Inti Raymi.<\/p>\n\n\n\n<p class=\"wp-block-paragraph\">\u201cDebemos\nentender la tecnolog\u00eda Andina Amaz\u00f3nica y el ritual en el campo del arte, por\neso, el ritual toma forma en objetos art\u00edsticos para comprender la\ninterculturalidad\u201d recalc\u00f3 Alomoto. <\/p>\n\n\n\n<p class=\"wp-block-paragraph\">Por su parte, Sisa Calapi, antrop\u00f3loga de la m\u00fasica y de la danza, manifest\u00f3\nque el ritual contribuye en demostrar agresividad y entusiasmo durante el\nzapateo, por eso, el Inti Raymi \u201ces una experiencia vivida y sentida\u201d.<\/p>\n\n\n\n<p class=\"wp-block-paragraph\">Diego\nTitua\u00f1a, licenciado en Relaciones Internacionales, &nbsp;habl\u00f3 sobre la internacionalizaci\u00f3n del Inti\nRaymi y mencion\u00f3 que este ritual se festeja &nbsp;en varias partes del mundo como Madrid,\nBarcelona, Roma y Norteam\u00e9rica, donde \u201cse evidencia que los Kichwas del Ecuador\nhan estado inmersos en varios espacios\u201d.<\/p>\n\n\n\n<p class=\"wp-block-paragraph\">El&nbsp; Inti Raymi o fiesta\ndel Sol se celebra cada 21 de junio en las comunidades ind\u00edgenas kichwas de la\nSierra del Ecuador, como s\u00edmbolo de la renovaci\u00f3n del tiempo, y el\nencuentro&nbsp;&nbsp; con el cosmos.<\/p>\n\n\n\n<p class=\"wp-block-paragraph\">Esta fiesta representa\nel inicio del solsticio de verano y &nbsp;es\nuna solicitud al Sol o intiwatana para que se vuelva a acercar a la Tierra.<\/p>\n\n\n\n<p class=\"wp-block-paragraph\">El personaje\nrepresentativo del Inti Raymi\nes el Aya Huma, tambi\u00e9n conocido como Diablo Huma, &nbsp;que es el esp\u00edritu protector de la naturaleza\ny es el principal danzante de esta fiesta para conectarse con el Sol, la Luna y\nla Tierra.<\/p>\n","protected":false},"excerpt":{"rendered":"<p class=\"excerpt\">&nbsp;\u201cEl Inti Raymi es la fiesta m\u00e1s importante en los Andes, con el&nbsp; paso del tiempo se ha extendido por todo el pa\u00eds. Esta celebraci\u00f3n convoca no solo a nacionalidades ind\u00edgenas, sino tambi\u00e9n a mestizos, afros y montubios\u201d. Esa fue una de las conclusiones a las que lleg\u00f3 el&nbsp; Foro acad\u00e9mico virtual denominado \u201cNuevas Perspectivas sobre el Inti Raymi, que&hellip; <a href=\"https:\/\/www.ministeriodegobierno.gob.ec\/derechoshumanos\/2021\/06\/18\/secretaria-de-derechos-humanos-desarrollo-el-foro-academico-virtual-denominado-nuevas-perspectivas-sobre-el-inti-raymi\/\">Read more &rarr;<\/a><\/p>\n","protected":false},"author":6,"featured_media":9460,"comment_status":"closed","ping_status":"closed","sticky":false,"template":"","format":"standard","meta":{"footnotes":""},"categories":[20,5,6],"tags":[],"class_list":["post-9459","post","type-post","status-publish","format-standard","has-post-thumbnail","hentry","category-boletin-de-prensa","category-noticias","category-noticias-destacadas","xfolkentry"],"_links":{"self":[{"href":"https:\/\/www.ministeriodegobierno.gob.ec\/derechoshumanos\/wp-json\/wp\/v2\/posts\/9459","targetHints":{"allow":["GET"]}}],"collection":[{"href":"https:\/\/www.ministeriodegobierno.gob.ec\/derechoshumanos\/wp-json\/wp\/v2\/posts"}],"about":[{"href":"https:\/\/www.ministeriodegobierno.gob.ec\/derechoshumanos\/wp-json\/wp\/v2\/types\/post"}],"author":[{"embeddable":true,"href":"https:\/\/www.ministeriodegobierno.gob.ec\/derechoshumanos\/wp-json\/wp\/v2\/users\/6"}],"replies":[{"embeddable":true,"href":"https:\/\/www.ministeriodegobierno.gob.ec\/derechoshumanos\/wp-json\/wp\/v2\/comments?post=9459"}],"version-history":[{"count":2,"href":"https:\/\/www.ministeriodegobierno.gob.ec\/derechoshumanos\/wp-json\/wp\/v2\/posts\/9459\/revisions"}],"predecessor-version":[{"id":9462,"href":"https:\/\/www.ministeriodegobierno.gob.ec\/derechoshumanos\/wp-json\/wp\/v2\/posts\/9459\/revisions\/9462"}],"wp:featuredmedia":[{"embeddable":true,"href":"https:\/\/www.ministeriodegobierno.gob.ec\/derechoshumanos\/wp-json\/wp\/v2\/media\/9460"}],"wp:attachment":[{"href":"https:\/\/www.ministeriodegobierno.gob.ec\/derechoshumanos\/wp-json\/wp\/v2\/media?parent=9459"}],"wp:term":[{"taxonomy":"category","embeddable":true,"href":"https:\/\/www.ministeriodegobierno.gob.ec\/derechoshumanos\/wp-json\/wp\/v2\/categories?post=9459"},{"taxonomy":"post_tag","embeddable":true,"href":"https:\/\/www.ministeriodegobierno.gob.ec\/derechoshumanos\/wp-json\/wp\/v2\/tags?post=9459"}],"curies":[{"name":"wp","href":"https:\/\/api.w.org\/{rel}","templated":true}]}}