{"id":9463,"date":"2021-06-18T19:44:00","date_gmt":"2021-06-19T00:44:00","guid":{"rendered":"https:\/\/www.derechoshumanos.gob.ec\/?p=9463"},"modified":"2021-06-18T19:44:02","modified_gmt":"2021-06-19T00:44:02","slug":"servicio-de-proteccion-integral-brindo-atencion-inmediata-a-victimas-de-trata-de-personas-rescatadas-en-quito","status":"publish","type":"post","link":"https:\/\/www.ministeriodegobierno.gob.ec\/derechoshumanos\/2021\/06\/18\/servicio-de-proteccion-integral-brindo-atencion-inmediata-a-victimas-de-trata-de-personas-rescatadas-en-quito\/","title":{"rendered":"SERVICIO DE PROTECCI\u00d3N INTEGRAL BRIND\u00d3 ATENCI\u00d3N INMEDIATA A V\u00cdCTIMAS DE TRATA DE PERSONAS RESCATADAS EN QUITO"},"content":{"rendered":"\n<p class=\"wp-block-paragraph\"><\/p>\n\n\n\n<p class=\"wp-block-paragraph\">El personal del &nbsp;<strong>Servicio<\/strong><strong>&nbsp;de&nbsp;Protecci\u00f3n&nbsp;Integral&nbsp;(SPI)\nQuito Norte,<\/strong> de la Secretar\u00eda de Derechos\nHumanos, brind\u00f3 atenci\u00f3n integral a v\u00edctimas de trata de personas con fines de\nexplotaci\u00f3n sexual, que fueron rescatadas en Quito la noche del jueves 17 de\njunio.<\/p>\n\n\n\n<p class=\"wp-block-paragraph\">El trabajo coordinado de la Secretar\u00eda de Derechos\nHumanos, junto con la Fiscal\u00eda y el Ministerio de Gobierno, en un operativo\nbinacional con Per\u00fa, permitieron desarticular en Quito una banda dedicada a\ntrata de personas, que operaba en el sur de la ciudad. <\/p>\n\n\n\n<p class=\"wp-block-paragraph\">El Comit\u00e9 Interinstitucional para la Prevenci\u00f3n de Trata\nde Personas y Tr\u00e1fico Il\u00edcito de Migrantes, del cual es parte la Secretar\u00eda de\nDerechos Humanos, actu\u00f3 de manera inmediata.<\/p>\n\n\n\n<p class=\"wp-block-paragraph\">Con apoyo de profesionales se brind\u00f3 atenci\u00f3n integral de\nmanera gratuita.<\/p>\n\n\n\n<p class=\"wp-block-paragraph\">El Gobierno del Encuentro ratifica su\ncompromiso en la lucha por la erradicaci\u00f3n de toda forma de violencia y\nvulneraci\u00f3n de derechos en el Ecuador.<\/p>\n\n\n\n<p class=\"wp-block-paragraph\">\u00a1Nos tomamos los derechos en serio!<\/p>\n\n\n\n<p class=\"wp-block-paragraph\"><strong>DIRECCI\u00d3N\nDE COMUNICACI\u00d3N SOCIAL<\/strong><strong><\/strong><\/p>\n","protected":false},"excerpt":{"rendered":"<p class=\"excerpt\">El personal del &nbsp;Servicio&nbsp;de&nbsp;Protecci\u00f3n&nbsp;Integral&nbsp;(SPI) Quito Norte, de la Secretar\u00eda de Derechos Humanos, brind\u00f3 atenci\u00f3n integral a v\u00edctimas de trata de personas con fines de explotaci\u00f3n sexual, que fueron rescatadas en Quito la noche del jueves 17 de junio. El trabajo coordinado de la Secretar\u00eda de Derechos Humanos, junto con la Fiscal\u00eda y el Ministerio de Gobierno, en un operativo binacional&hellip; <a href=\"https:\/\/www.ministeriodegobierno.gob.ec\/derechoshumanos\/2021\/06\/18\/servicio-de-proteccion-integral-brindo-atencion-inmediata-a-victimas-de-trata-de-personas-rescatadas-en-quito\/\">Read more &rarr;<\/a><\/p>\n","protected":false},"author":6,"featured_media":0,"comment_status":"closed","ping_status":"closed","sticky":false,"template":"","format":"standard","meta":{"footnotes":""},"categories":[20,5,6],"tags":[],"class_list":["post-9463","post","type-post","status-publish","format-standard","hentry","category-boletin-de-prensa","category-noticias","category-noticias-destacadas","xfolkentry"],"_links":{"self":[{"href":"https:\/\/www.ministeriodegobierno.gob.ec\/derechoshumanos\/wp-json\/wp\/v2\/posts\/9463","targetHints":{"allow":["GET"]}}],"collection":[{"href":"https:\/\/www.ministeriodegobierno.gob.ec\/derechoshumanos\/wp-json\/wp\/v2\/posts"}],"about":[{"href":"https:\/\/www.ministeriodegobierno.gob.ec\/derechoshumanos\/wp-json\/wp\/v2\/types\/post"}],"author":[{"embeddable":true,"href":"https:\/\/www.ministeriodegobierno.gob.ec\/derechoshumanos\/wp-json\/wp\/v2\/users\/6"}],"replies":[{"embeddable":true,"href":"https:\/\/www.ministeriodegobierno.gob.ec\/derechoshumanos\/wp-json\/wp\/v2\/comments?post=9463"}],"version-history":[{"count":1,"href":"https:\/\/www.ministeriodegobierno.gob.ec\/derechoshumanos\/wp-json\/wp\/v2\/posts\/9463\/revisions"}],"predecessor-version":[{"id":9464,"href":"https:\/\/www.ministeriodegobierno.gob.ec\/derechoshumanos\/wp-json\/wp\/v2\/posts\/9463\/revisions\/9464"}],"wp:attachment":[{"href":"https:\/\/www.ministeriodegobierno.gob.ec\/derechoshumanos\/wp-json\/wp\/v2\/media?parent=9463"}],"wp:term":[{"taxonomy":"category","embeddable":true,"href":"https:\/\/www.ministeriodegobierno.gob.ec\/derechoshumanos\/wp-json\/wp\/v2\/categories?post=9463"},{"taxonomy":"post_tag","embeddable":true,"href":"https:\/\/www.ministeriodegobierno.gob.ec\/derechoshumanos\/wp-json\/wp\/v2\/tags?post=9463"}],"curies":[{"name":"wp","href":"https:\/\/api.w.org\/{rel}","templated":true}]}}