{"id":9465,"date":"2021-06-18T20:30:55","date_gmt":"2021-06-19T01:30:55","guid":{"rendered":"https:\/\/www.derechoshumanos.gob.ec\/?p=9465"},"modified":"2021-06-18T20:30:57","modified_gmt":"2021-06-19T01:30:57","slug":"la-secretaria-de-derechos-humanos-participo-en-dialogo-de-saberes","status":"publish","type":"post","link":"https:\/\/www.ministeriodegobierno.gob.ec\/derechoshumanos\/2021\/06\/18\/la-secretaria-de-derechos-humanos-participo-en-dialogo-de-saberes\/","title":{"rendered":"LA SECRETAR\u00cdA DE DERECHOS HUMANOS PARTICIP\u00d3 EN DI\u00c1LOGO DE SABERES"},"content":{"rendered":"\n<p class=\"wp-block-paragraph\"><\/p>\n\n\n\n<p class=\"wp-block-paragraph\">La definici\u00f3n de las prioridades de la\u00a0vacunaci\u00f3n contra el\u00a0 COVID-19 para Nacionalidades y Pueblos se abord\u00f3 en la Mesa de Di\u00e1logo de Saberes, que se desarroll\u00f3 de manera virtual este 18 de junio.<\/p>\n\n\n\n<p class=\"wp-block-paragraph\">En el encuentro se debati\u00f3 la necesidad de generar\nmecanismos de informaci\u00f3n, participaci\u00f3n y representaci\u00f3n efectiva de los\nl\u00edderes comunitarios en este proceso.<\/p>\n\n\n\n<p class=\"wp-block-paragraph\">Participaron representantes de organizaciones Kichwas de Sierra Norte,\nCentro y Sur del pa\u00eds, quienes propusieron:<\/p>\n\n\n\n<ul class=\"wp-block-list\"><li>Generar\npol\u00edticas p\u00fablicas integrales, que abarquen la reactivaci\u00f3n econ\u00f3mica, la\nsalud, la educaci\u00f3n y la seguridad alimentaria para las Nacionalidades y\nPueblos.<\/li><li>Articular\nlos procesos de vacunaci\u00f3n con los representantes directos de las comunas y\ncomunidades en el territorio, respetando las estructuras organizacionales.<\/li><li>Considerar\ndentro del plan de salud, la medicina natural y los saberes ancestrales que son\ntransmitidos por los abuelos. <\/li><li>Realizar\nuna campa\u00f1a comunicacional con enfoque intercultural en las propias lenguas,\ncon mensajes que consideren las realidades del campo y las comunidades, que son\ndistintas a las realidades urbanas, mostrando la importancia de la vacunaci\u00f3n y\ndesmintiendo los rumores sobres reacciones adversas de misma.<\/li><li>Generar\nm\u00e1s puntos de vacunaci\u00f3n y que las brigadas de vacunaci\u00f3n se movilicen a\nterritorio en el caso de las comunidades lejanas.<\/li><\/ul>\n\n\n\n<p class=\"wp-block-paragraph\">Las sugerencias de esta mesa de di\u00e1logo permitir\u00e1n focalizar las\nnecesidades de las Nacionalidades y Pueblos en relaci\u00f3n al Plan Nacional de Vacunaci\u00f3n\ny generar estrategias comunicacionales con pertinencia intercultural, as\u00ed como\nla articulaci\u00f3n interinstitucional y organizacional m\u00e1s eficaz en este proceso.<\/p>\n\n\n\n<p class=\"wp-block-paragraph\">Samia M\u00e1rmol, Subsecretaria de Nacionalidades, Pueblos y Movimientos\nSociales, mencion\u00f3 que desde su gesti\u00f3n se coordinar\u00e1 con todos los entes\nrelacionados con Pueblos y Nacionalidades.<\/p>\n\n\n\n<p class=\"wp-block-paragraph\">A su criterio, es importante realizar un levantamiento de datos\nestad\u00edsticos separados para tener un control y monitoreo m\u00e1s eficaz desde estos\nespacios. Adem\u00e1s de implementar estrategias de comunicaci\u00f3n en la propia\nlengua, que no se desvirt\u00faen y que no genere informaci\u00f3n falsa que haga que las\npersonas de las comunidades no quieran vacunarse.<\/p>\n\n\n\n<p class=\"wp-block-paragraph\">Esta mesa se realiz\u00f3 mediante la coordinaci\u00f3n entre la Secretar\u00eda de\nDerechos Humanos, a trav\u00e9s de la &nbsp;Subsecretar\u00eda de Pueblos, Nacionalidades y\nOrganizaciones Sociales, &nbsp;el Ministerio\nde Salud P\u00fablica, la Organizaci\u00f3n Panamericana de Salud, la Organizaci\u00f3n\nMundial de la Salud, UNICEF, la Organizaci\u00f3n Hivos, y la Organizaci\u00f3n R\u00edos.<\/p>\n\n\n\n<p class=\"wp-block-paragraph\"><strong>DIRECCI\u00d3N DE COMUNICACI\u00d3N\nSOCIAL<\/strong><\/p>\n","protected":false},"excerpt":{"rendered":"<p class=\"excerpt\">La definici\u00f3n de las prioridades de la\u00a0vacunaci\u00f3n contra el\u00a0 COVID-19 para Nacionalidades y Pueblos se abord\u00f3 en la Mesa de Di\u00e1logo de Saberes, que se desarroll\u00f3 de manera virtual este 18 de junio. En el encuentro se debati\u00f3 la necesidad de generar mecanismos de informaci\u00f3n, participaci\u00f3n y representaci\u00f3n efectiva de los l\u00edderes comunitarios en este proceso. Participaron representantes de organizaciones&hellip; <a href=\"https:\/\/www.ministeriodegobierno.gob.ec\/derechoshumanos\/2021\/06\/18\/la-secretaria-de-derechos-humanos-participo-en-dialogo-de-saberes\/\">Read more &rarr;<\/a><\/p>\n","protected":false},"author":6,"featured_media":9466,"comment_status":"closed","ping_status":"closed","sticky":false,"template":"","format":"standard","meta":{"footnotes":""},"categories":[20,5,6],"tags":[],"class_list":["post-9465","post","type-post","status-publish","format-standard","has-post-thumbnail","hentry","category-boletin-de-prensa","category-noticias","category-noticias-destacadas","xfolkentry"],"_links":{"self":[{"href":"https:\/\/www.ministeriodegobierno.gob.ec\/derechoshumanos\/wp-json\/wp\/v2\/posts\/9465","targetHints":{"allow":["GET"]}}],"collection":[{"href":"https:\/\/www.ministeriodegobierno.gob.ec\/derechoshumanos\/wp-json\/wp\/v2\/posts"}],"about":[{"href":"https:\/\/www.ministeriodegobierno.gob.ec\/derechoshumanos\/wp-json\/wp\/v2\/types\/post"}],"author":[{"embeddable":true,"href":"https:\/\/www.ministeriodegobierno.gob.ec\/derechoshumanos\/wp-json\/wp\/v2\/users\/6"}],"replies":[{"embeddable":true,"href":"https:\/\/www.ministeriodegobierno.gob.ec\/derechoshumanos\/wp-json\/wp\/v2\/comments?post=9465"}],"version-history":[{"count":1,"href":"https:\/\/www.ministeriodegobierno.gob.ec\/derechoshumanos\/wp-json\/wp\/v2\/posts\/9465\/revisions"}],"predecessor-version":[{"id":9467,"href":"https:\/\/www.ministeriodegobierno.gob.ec\/derechoshumanos\/wp-json\/wp\/v2\/posts\/9465\/revisions\/9467"}],"wp:featuredmedia":[{"embeddable":true,"href":"https:\/\/www.ministeriodegobierno.gob.ec\/derechoshumanos\/wp-json\/wp\/v2\/media\/9466"}],"wp:attachment":[{"href":"https:\/\/www.ministeriodegobierno.gob.ec\/derechoshumanos\/wp-json\/wp\/v2\/media?parent=9465"}],"wp:term":[{"taxonomy":"category","embeddable":true,"href":"https:\/\/www.ministeriodegobierno.gob.ec\/derechoshumanos\/wp-json\/wp\/v2\/categories?post=9465"},{"taxonomy":"post_tag","embeddable":true,"href":"https:\/\/www.ministeriodegobierno.gob.ec\/derechoshumanos\/wp-json\/wp\/v2\/tags?post=9465"}],"curies":[{"name":"wp","href":"https:\/\/api.w.org\/{rel}","templated":true}]}}