{"id":9468,"date":"2021-06-21T18:18:16","date_gmt":"2021-06-21T23:18:16","guid":{"rendered":"https:\/\/www.derechoshumanos.gob.ec\/?p=9468"},"modified":"2021-06-21T18:18:18","modified_gmt":"2021-06-21T23:18:18","slug":"nueva-oficina-del-servicio-de-proteccion-integral-brindara-atencion-integral-a-sobrevivientes-de-violencia-en-orellana","status":"publish","type":"post","link":"https:\/\/www.ministeriodegobierno.gob.ec\/derechoshumanos\/2021\/06\/21\/nueva-oficina-del-servicio-de-proteccion-integral-brindara-atencion-integral-a-sobrevivientes-de-violencia-en-orellana\/","title":{"rendered":"Nueva oficina del Servicio de Protecci\u00f3n Integral brindar\u00e1 atenci\u00f3n integral a sobrevivientes de violencia en Orellana"},"content":{"rendered":"\n<p class=\"wp-block-paragraph\"><\/p>\n\n\n\n<p class=\"wp-block-paragraph\">La Secretar\u00eda de Derechos Humanos y la Direcci\u00f3n\nProvincial del Consejo de la Judicatura suscribieron un convenio de cooperaci\u00f3n\ninterinstitucional para el uso de un espacio f\u00edsico en el Complejo&nbsp; Judicial de Francisco de Orellana, para que\nfuncione el Servicio de Protecci\u00f3n Integral. <\/p>\n\n\n\n<p class=\"wp-block-paragraph\">Seg\u00fan el Instituto de Estad\u00edsticas y Censos\n(INEC),&nbsp; 5 de cada 10 mujeres han\nsufrido&nbsp; alg\u00fan tipo de violencia en esta\nprovincia. <\/p>\n\n\n\n<p class=\"wp-block-paragraph\">Por esta raz\u00f3n, la alianza busca mejorar el\nservicio brindado a ni\u00f1as, ni\u00f1os, adolescentes, mujeres, adultos mayores y\npersonas con discapacidad sobrevivientes de violencia, dando una atenci\u00f3n de\ncalidez y sobre todo de calidad en un espacio con la privacidad que estos casos\nrequieren dada su complejidad y necesidad de ambientes adecuados.<\/p>\n\n\n\n<p class=\"wp-block-paragraph\">La firma del Convenio\nInterinstitucional permitir\u00e1, adem\u00e1s, trabajar de manera conjunta y articulada\ncon el Sistema Judicial en beneficio de las v\u00edctimas de violencia de la provincia.<\/p>\n\n\n\n<p class=\"wp-block-paragraph\">El Servicio de Protecci\u00f3n Integral brinda\natenci\u00f3n integral a sobrevivientes de violencia, trata de personas y tr\u00e1fico\nil\u00edcito de migrantes atendiendo las alertas y casos remitidos desde fiscal\u00edas y\nunidades judiciales especializadas, juntas de protecci\u00f3n y otras instituciones\narticulando acciones interinstitucionales para una atenci\u00f3n integral.<\/p>\n","protected":false},"excerpt":{"rendered":"<p class=\"excerpt\">La Secretar\u00eda de Derechos Humanos y la Direcci\u00f3n Provincial del Consejo de la Judicatura suscribieron un convenio de cooperaci\u00f3n interinstitucional para el uso de un espacio f\u00edsico en el Complejo&nbsp; Judicial de Francisco de Orellana, para que funcione el Servicio de Protecci\u00f3n Integral. Seg\u00fan el Instituto de Estad\u00edsticas y Censos (INEC),&nbsp; 5 de cada 10 mujeres han sufrido&nbsp; alg\u00fan tipo&hellip; <a href=\"https:\/\/www.ministeriodegobierno.gob.ec\/derechoshumanos\/2021\/06\/21\/nueva-oficina-del-servicio-de-proteccion-integral-brindara-atencion-integral-a-sobrevivientes-de-violencia-en-orellana\/\">Read more &rarr;<\/a><\/p>\n","protected":false},"author":6,"featured_media":9469,"comment_status":"closed","ping_status":"closed","sticky":false,"template":"","format":"standard","meta":{"footnotes":""},"categories":[20,5,6],"tags":[],"class_list":["post-9468","post","type-post","status-publish","format-standard","has-post-thumbnail","hentry","category-boletin-de-prensa","category-noticias","category-noticias-destacadas","xfolkentry"],"_links":{"self":[{"href":"https:\/\/www.ministeriodegobierno.gob.ec\/derechoshumanos\/wp-json\/wp\/v2\/posts\/9468","targetHints":{"allow":["GET"]}}],"collection":[{"href":"https:\/\/www.ministeriodegobierno.gob.ec\/derechoshumanos\/wp-json\/wp\/v2\/posts"}],"about":[{"href":"https:\/\/www.ministeriodegobierno.gob.ec\/derechoshumanos\/wp-json\/wp\/v2\/types\/post"}],"author":[{"embeddable":true,"href":"https:\/\/www.ministeriodegobierno.gob.ec\/derechoshumanos\/wp-json\/wp\/v2\/users\/6"}],"replies":[{"embeddable":true,"href":"https:\/\/www.ministeriodegobierno.gob.ec\/derechoshumanos\/wp-json\/wp\/v2\/comments?post=9468"}],"version-history":[{"count":1,"href":"https:\/\/www.ministeriodegobierno.gob.ec\/derechoshumanos\/wp-json\/wp\/v2\/posts\/9468\/revisions"}],"predecessor-version":[{"id":9470,"href":"https:\/\/www.ministeriodegobierno.gob.ec\/derechoshumanos\/wp-json\/wp\/v2\/posts\/9468\/revisions\/9470"}],"wp:featuredmedia":[{"embeddable":true,"href":"https:\/\/www.ministeriodegobierno.gob.ec\/derechoshumanos\/wp-json\/wp\/v2\/media\/9469"}],"wp:attachment":[{"href":"https:\/\/www.ministeriodegobierno.gob.ec\/derechoshumanos\/wp-json\/wp\/v2\/media?parent=9468"}],"wp:term":[{"taxonomy":"category","embeddable":true,"href":"https:\/\/www.ministeriodegobierno.gob.ec\/derechoshumanos\/wp-json\/wp\/v2\/categories?post=9468"},{"taxonomy":"post_tag","embeddable":true,"href":"https:\/\/www.ministeriodegobierno.gob.ec\/derechoshumanos\/wp-json\/wp\/v2\/tags?post=9468"}],"curies":[{"name":"wp","href":"https:\/\/api.w.org\/{rel}","templated":true}]}}