{"id":9473,"date":"2021-06-23T20:59:38","date_gmt":"2021-06-24T01:59:38","guid":{"rendered":"https:\/\/www.derechoshumanos.gob.ec\/?p=9473"},"modified":"2021-06-23T21:10:53","modified_gmt":"2021-06-24T02:10:53","slug":"secretaria-bernarda-ordonez-se-reunio-con-la-presidenta-de-la-asamblea-guadalupe-llori","status":"publish","type":"post","link":"https:\/\/www.ministeriodegobierno.gob.ec\/derechoshumanos\/2021\/06\/23\/secretaria-bernarda-ordonez-se-reunio-con-la-presidenta-de-la-asamblea-guadalupe-llori\/","title":{"rendered":"SECRETARIA BERNARDA ORD\u00d3\u00d1EZ SE REUNI\u00d3 CON LA PRESIDENTA DE LA ASAMBLEA GUADALUPE LLORI"},"content":{"rendered":"\n<p class=\"wp-block-paragraph\">La Secretaria de Derechos\nHumanos, Bernarda Ord\u00f3\u00f1ez Moscoso, se reuni\u00f3 este 23 de junio con la presidenta\nde la Asamblea, Guadalupe Llori. <\/p>\n\n\n\n<p class=\"wp-block-paragraph\">En este encuentro, la\npresidenta Llori se comprometi\u00f3 a recorrer la Amazon\u00eda Ecuatoriana junto a la\nministra Ord\u00f3\u00f1ez. <\/p>\n\n\n\n<p class=\"wp-block-paragraph\">La Secretaria Ord\u00f3\u00f1ez\nratific\u00f3 su compromiso&nbsp; de&nbsp; mantener la vigencia de los derechos humanos\nen el Ecuador, as\u00ed como trabajar articuladamente con todas las funciones del\nEstado, en especial la Funci\u00f3n Legislativa.<\/p>\n\n\n\n<p class=\"wp-block-paragraph\">La erradicaci\u00f3n de todas\nlas formas de violencia, fortalecimiento de los pueblos y nacionalidades y la\npol\u00edtica p\u00fablica de las diversidades son los tres ejes fundamentales de trabajo\nde esta Cartera de Estado.<\/p>\n\n\n\n<p class=\"wp-block-paragraph\">\u201cNos ponemos a las\n\u00f3rdenes y al servicio del pueblo para articular los esfuerzos necesarios que\nnos permitan logar metas fundamentales como el Femicidio Cero\u201d, se\u00f1al\u00f3 la\nSecretaria Ord\u00f3\u00f1ez.<\/p>\n\n\n\n<p class=\"wp-block-paragraph\">Por ello, el cumplimiento\nde la Ley de Erradicaci\u00f3n de la Violencia, con la activaci\u00f3n del Sistema\nIntegral&nbsp; de Prevenci\u00f3n y Erradicaci\u00f3n &nbsp;de la Violencia, es una de las prioridades del\nGobierno del Encuentro. &nbsp;\u201cRealizaremos\nuna evaluaci\u00f3n de la Ley\u201d, se\u00f1al\u00f3 Ord\u00f3\u00f1ez. <\/p>\n\n\n\n<p class=\"wp-block-paragraph\">En este sentido, en Azuay\nel pasado viernes 18 de junio se activ\u00f3 la Mesa del Sistema de Prevenci\u00f3n y\nErradicaci\u00f3n de la Violencia, con la articulaci\u00f3n de las 22 instituciones del\nEstado. <\/p>\n\n\n\n<p class=\"wp-block-paragraph\">Azuay supera la media\nnacional de casos de violencia a nivel nacional. Por esta raz\u00f3n, la Secretar\u00eda\nde Derechos Humanos busca implementar el Registro \u00danico de Violencia.<\/p>\n\n\n\n<p class=\"wp-block-paragraph\">El Sistema Nacional Integral para Prevenir y Erradicar la Violencia\ncontra las Mujeres es el conjunto organizado y articulado de instituciones,\nnormas, pol\u00edticas, planes, programas, mecanismos y actividades orientados a\nprevenir y a erradicar la violencia contra las mujeres, a trav\u00e9s de la\nprevenci\u00f3n, atenci\u00f3n, protecci\u00f3n y reparaci\u00f3n integral de los derechos de las\nv\u00edctimas.<\/p>\n\n\n\n<p class=\"wp-block-paragraph\">De su lado, la presidenta\nde la Asamblea, Guadalupe Llori, se\u00f1al\u00f3 que: \u201csiempre es grato saber que la\njuventud se empodera de las grandes causas por la defensa y promoci\u00f3n de los\nderechos, cuente con el Legislativo para construir el marco general necesario\u201d.\n<\/p>\n\n\n\n<p class=\"wp-block-paragraph\"><strong>Para mayor informaci\u00f3n: <\/strong><\/p>\n\n\n\n<p class=\"wp-block-paragraph\"><strong>DIRECCI\u00d3N DE COMUNICACI\u00d3N SOCIAL<\/strong><\/p>\n","protected":false},"excerpt":{"rendered":"<p class=\"excerpt\">La Secretaria de Derechos Humanos, Bernarda Ord\u00f3\u00f1ez Moscoso, se reuni\u00f3 este 23 de junio con la presidenta de la Asamblea, Guadalupe Llori. En este encuentro, la presidenta Llori se comprometi\u00f3 a recorrer la Amazon\u00eda Ecuatoriana junto a la ministra Ord\u00f3\u00f1ez. La Secretaria Ord\u00f3\u00f1ez ratific\u00f3 su compromiso&nbsp; de&nbsp; mantener la vigencia de los derechos humanos en el Ecuador, as\u00ed como trabajar&hellip; <a href=\"https:\/\/www.ministeriodegobierno.gob.ec\/derechoshumanos\/2021\/06\/23\/secretaria-bernarda-ordonez-se-reunio-con-la-presidenta-de-la-asamblea-guadalupe-llori\/\">Read more &rarr;<\/a><\/p>\n","protected":false},"author":8,"featured_media":9477,"comment_status":"closed","ping_status":"closed","sticky":false,"template":"","format":"standard","meta":{"footnotes":""},"categories":[20,5,6],"tags":[],"class_list":["post-9473","post","type-post","status-publish","format-standard","has-post-thumbnail","hentry","category-boletin-de-prensa","category-noticias","category-noticias-destacadas","xfolkentry"],"_links":{"self":[{"href":"https:\/\/www.ministeriodegobierno.gob.ec\/derechoshumanos\/wp-json\/wp\/v2\/posts\/9473","targetHints":{"allow":["GET"]}}],"collection":[{"href":"https:\/\/www.ministeriodegobierno.gob.ec\/derechoshumanos\/wp-json\/wp\/v2\/posts"}],"about":[{"href":"https:\/\/www.ministeriodegobierno.gob.ec\/derechoshumanos\/wp-json\/wp\/v2\/types\/post"}],"author":[{"embeddable":true,"href":"https:\/\/www.ministeriodegobierno.gob.ec\/derechoshumanos\/wp-json\/wp\/v2\/users\/8"}],"replies":[{"embeddable":true,"href":"https:\/\/www.ministeriodegobierno.gob.ec\/derechoshumanos\/wp-json\/wp\/v2\/comments?post=9473"}],"version-history":[{"count":1,"href":"https:\/\/www.ministeriodegobierno.gob.ec\/derechoshumanos\/wp-json\/wp\/v2\/posts\/9473\/revisions"}],"predecessor-version":[{"id":9474,"href":"https:\/\/www.ministeriodegobierno.gob.ec\/derechoshumanos\/wp-json\/wp\/v2\/posts\/9473\/revisions\/9474"}],"wp:featuredmedia":[{"embeddable":true,"href":"https:\/\/www.ministeriodegobierno.gob.ec\/derechoshumanos\/wp-json\/wp\/v2\/media\/9477"}],"wp:attachment":[{"href":"https:\/\/www.ministeriodegobierno.gob.ec\/derechoshumanos\/wp-json\/wp\/v2\/media?parent=9473"}],"wp:term":[{"taxonomy":"category","embeddable":true,"href":"https:\/\/www.ministeriodegobierno.gob.ec\/derechoshumanos\/wp-json\/wp\/v2\/categories?post=9473"},{"taxonomy":"post_tag","embeddable":true,"href":"https:\/\/www.ministeriodegobierno.gob.ec\/derechoshumanos\/wp-json\/wp\/v2\/tags?post=9473"}],"curies":[{"name":"wp","href":"https:\/\/api.w.org\/{rel}","templated":true}]}}