{"id":9482,"date":"2021-06-24T16:11:38","date_gmt":"2021-06-24T21:11:38","guid":{"rendered":"https:\/\/www.derechoshumanos.gob.ec\/?p=9482"},"modified":"2021-06-24T16:52:18","modified_gmt":"2021-06-24T21:52:18","slug":"secretaria-bernarda-ordonez-coordina-pilotaje-de-proceso-de-vacunacion-a-nacionalidad-waorani-en-la-zona-intangible-que-se-realizara-en-julio","status":"publish","type":"post","link":"https:\/\/www.ministeriodegobierno.gob.ec\/derechoshumanos\/2021\/06\/24\/secretaria-bernarda-ordonez-coordina-pilotaje-de-proceso-de-vacunacion-a-nacionalidad-waorani-en-la-zona-intangible-que-se-realizara-en-julio\/","title":{"rendered":"SECRETARIA BERNARDA ORD\u00d3\u00d1EZ COORDINA PILOTAJE PREVIO A VACUNACI\u00d3N EN JULIO DE  NACIONALIDAD WAORANI EN LA ZONA INTANGIBLE"},"content":{"rendered":"\n<p class=\"wp-block-paragraph\"><\/p>\n\n\n\n<p class=\"wp-block-paragraph\">La Secretaria de Derechos Humanos, Bernarda\nOrd\u00f3\u00f1ez Moscoso,&nbsp; coordina este 24 de junio\nel pilotaje del plan de vacunaci\u00f3n a la nacionalidad Waorani, que habita en la\nZona Intangible Tageri-Taromenane, previo al proceso que se realizar\u00e1 en julio.<\/p>\n\n\n\n<p class=\"wp-block-paragraph\">La\nSecretar\u00eda Ord\u00f3\u00f1ez realiz\u00f3 una visita t\u00e9cnica&nbsp;\na la Estaci\u00f3n de Monitoreo de la Zona Intangible\nTagaeri- Taromenane, y a la comunidad de Bameno, ubicada en el interior de la\nmencionada Zona. El objetivo es constatar que se cumplan todos los protocolos\nnacionales e internacionales, previo a la inoculaci\u00f3n.<\/p>\n\n\n\n<p class=\"wp-block-paragraph\">En este plan\npiloto se defini\u00f3 conjuntamente con el Ministerio de Salud P\u00fablica la validez y\naptitud de los puntos de vacunaci\u00f3n, los cuales se ubican en la Estaci\u00f3n de\nMonitoreo de la Zona Intangible Tagaeri- Taromenane, y en la comunidad de\nBameno, ubicada en el interior de la mencionada Zona.<\/p>\n\n\n\n<p class=\"wp-block-paragraph\">Adem\u00e1s se logr\u00f3\nun acercamiento necesario entre los representantes de la Secretar\u00eda de Derechos\nHumanos, el Ministerio de Salud P\u00fablica y los habitantes de las comunidades\nWaorani de la Zona Intangible Tagaeri- Taromenane.<\/p>\n\n\n\n<p class=\"wp-block-paragraph\">Con la inclusi\u00f3n\nde los pobladores Waorani de la ZITT en el proceso de vacunaci\u00f3n, la Secretar\u00eda\nde Derechos Humanos presenta su compromiso por proteger y garantizar la\npreservaci\u00f3n del patrimonio cultural vivo de la Zona Intangible, que son los\nPueblos Ind\u00edgenas en Aislamiento Voluntario, as\u00ed como los pueblos que mantienen\ncontacto inicial- Waorani. <\/p>\n\n\n\n<p class=\"wp-block-paragraph\">Hasta el momento\nhay el inter\u00e9s de 126 personas, de edades\nentre 19 y 97 a\u00f1os, quienes expresamente\naceptaron ser parte del proceso de vacunaci\u00f3n.<\/p>\n\n\n\n<p class=\"wp-block-paragraph\">Estas comunidades\nya mantienen contacto con los centros poblados, en los cuales realizan\nactividades habituales, lo cual los ubica en una particular condici\u00f3n de riesgo\nde contagio de la Covid-19.<\/p>\n\n\n\n<p class=\"wp-block-paragraph\">La Comisi\u00f3n\nInteramericana de Derechos Humanos (CIDH), con Resoluci\u00f3n 1\/2021 del 6 de abril\nde 2021 establece que los Estados deben priorizar la inoculaci\u00f3n de las\npersonas con mayor riesgo de contagio y a quienes experimentan un mayor riesgo\nfrente a la pandemia, dentro de los cuales se incluyen a las personas que por\nfactores geogr\u00e1ficos experimentan se encuentran en esta situaci\u00f3n, tales como\nlos pueblos ind\u00edgenas.<\/p>\n\n\n\n<p class=\"wp-block-paragraph\">En los \u00faltimos\na\u00f1os ha existido un importante desarrollo de las actividades tur\u00edsticas en la\nZona Intangible Tagaeri- Taromenane, lo cual aumenta el riesgo de contagio a la\npoblaci\u00f3n que se mantiene en contacto con los centros poblados, y\nconsecuentemente, se incrementa el riesgo de que se d\u00e9 un contagio dif\u00edcil de\ncontener debido a la distancia y complicaciones propias de la zona.<\/p>\n\n\n\n<p class=\"wp-block-paragraph\">Dentro del\nproceso, se levant\u00f3 informaci\u00f3n de la poblaci\u00f3n Waorani que habita la Zona\nIntangible Tagaeri \u2013 Taromenane, en un trabajo conjunto entre la Secretar\u00eda de\nDerechos Humanos, el Ministerio de Salud P\u00fablica, la Fundaci\u00f3n RIOS y el Fondo\nEcuatoriano Populorum Progressio. De lo cual, en este primer momento, se present\u00f3\na las comunidades Waorani de la ZITT toda la informaci\u00f3n correspondiente al\nproceso de vacunaci\u00f3n, a fin de garantizar el derecho de \u00e9stas a tomar\ndecisiones libres e informadas.<\/p>\n\n\n\n<p class=\"wp-block-paragraph\">El proceso para\nla log\u00edstica de la vacunaci\u00f3n ya inici\u00f3 el pasado 3 de junio con la vacunaci\u00f3n\ndel personal t\u00e9cnico de la Direcci\u00f3n de Monitoreo y Seguimiento de Protecci\u00f3n a\nPueblos Ind\u00edgenas en Aislamiento Voluntario, quienes coordinar\u00e1n todo el\nproceso en la Zona Intangible Tagaeri- Taromenane. <\/p>\n","protected":false},"excerpt":{"rendered":"<p class=\"excerpt\">La Secretaria de Derechos Humanos, Bernarda Ord\u00f3\u00f1ez Moscoso,&nbsp; coordina este 24 de junio el pilotaje del plan de vacunaci\u00f3n a la nacionalidad Waorani, que habita en la Zona Intangible Tageri-Taromenane, previo al proceso que se realizar\u00e1 en julio. La Secretar\u00eda Ord\u00f3\u00f1ez realiz\u00f3 una visita t\u00e9cnica&nbsp; a la Estaci\u00f3n de Monitoreo de la Zona Intangible Tagaeri- Taromenane, y a la comunidad&hellip; <a href=\"https:\/\/www.ministeriodegobierno.gob.ec\/derechoshumanos\/2021\/06\/24\/secretaria-bernarda-ordonez-coordina-pilotaje-de-proceso-de-vacunacion-a-nacionalidad-waorani-en-la-zona-intangible-que-se-realizara-en-julio\/\">Read more &rarr;<\/a><\/p>\n","protected":false},"author":8,"featured_media":9483,"comment_status":"closed","ping_status":"closed","sticky":false,"template":"","format":"standard","meta":{"footnotes":""},"categories":[20,5,6],"tags":[],"class_list":["post-9482","post","type-post","status-publish","format-standard","has-post-thumbnail","hentry","category-boletin-de-prensa","category-noticias","category-noticias-destacadas","xfolkentry"],"_links":{"self":[{"href":"https:\/\/www.ministeriodegobierno.gob.ec\/derechoshumanos\/wp-json\/wp\/v2\/posts\/9482","targetHints":{"allow":["GET"]}}],"collection":[{"href":"https:\/\/www.ministeriodegobierno.gob.ec\/derechoshumanos\/wp-json\/wp\/v2\/posts"}],"about":[{"href":"https:\/\/www.ministeriodegobierno.gob.ec\/derechoshumanos\/wp-json\/wp\/v2\/types\/post"}],"author":[{"embeddable":true,"href":"https:\/\/www.ministeriodegobierno.gob.ec\/derechoshumanos\/wp-json\/wp\/v2\/users\/8"}],"replies":[{"embeddable":true,"href":"https:\/\/www.ministeriodegobierno.gob.ec\/derechoshumanos\/wp-json\/wp\/v2\/comments?post=9482"}],"version-history":[{"count":2,"href":"https:\/\/www.ministeriodegobierno.gob.ec\/derechoshumanos\/wp-json\/wp\/v2\/posts\/9482\/revisions"}],"predecessor-version":[{"id":9485,"href":"https:\/\/www.ministeriodegobierno.gob.ec\/derechoshumanos\/wp-json\/wp\/v2\/posts\/9482\/revisions\/9485"}],"wp:featuredmedia":[{"embeddable":true,"href":"https:\/\/www.ministeriodegobierno.gob.ec\/derechoshumanos\/wp-json\/wp\/v2\/media\/9483"}],"wp:attachment":[{"href":"https:\/\/www.ministeriodegobierno.gob.ec\/derechoshumanos\/wp-json\/wp\/v2\/media?parent=9482"}],"wp:term":[{"taxonomy":"category","embeddable":true,"href":"https:\/\/www.ministeriodegobierno.gob.ec\/derechoshumanos\/wp-json\/wp\/v2\/categories?post=9482"},{"taxonomy":"post_tag","embeddable":true,"href":"https:\/\/www.ministeriodegobierno.gob.ec\/derechoshumanos\/wp-json\/wp\/v2\/tags?post=9482"}],"curies":[{"name":"wp","href":"https:\/\/api.w.org\/{rel}","templated":true}]}}