{"id":9486,"date":"2021-06-28T13:07:49","date_gmt":"2021-06-28T18:07:49","guid":{"rendered":"https:\/\/www.derechoshumanos.gob.ec\/?p=9486"},"modified":"2021-06-28T13:27:28","modified_gmt":"2021-06-28T18:27:28","slug":"por-dia-del-orgullo-lgbti-se-crea-la-subsecretaria-de-diversidades","status":"publish","type":"post","link":"https:\/\/www.ministeriodegobierno.gob.ec\/derechoshumanos\/2021\/06\/28\/por-dia-del-orgullo-lgbti-se-crea-la-subsecretaria-de-diversidades\/","title":{"rendered":"SUBSECRETAR\u00cdA DE DIVERSIDADES ARTICULAR\u00c1 POL\u00cdTICAS DE PREVENCI\u00d3N Y ERRADICACI\u00d3N DE LA VIOLENCIA EN CONTRA DE LAS PERSONAS LGBTI+"},"content":{"rendered":"\n<p class=\"wp-block-paragraph\"><\/p>\n\n\n\n<p class=\"wp-block-paragraph\">El Gobierno del Encuentro, del Presidente\nde la Rep\u00fablica Guillermo Lasso, en un hito hist\u00f3rico apuesta&nbsp; a trabajar en una pol\u00edtica p\u00fablica integral\npara prevenir todas las formas de violencia contra las personas por su\norientaci\u00f3n sexual y\/o identidad de g\u00e9nero.<\/p>\n\n\n\n<p class=\"wp-block-paragraph\">Este lunes, en el Centro Cultural\nMetropolitano, en Quito, la Secretaria de Derechos Humanos, Bernarda Ord\u00f3\u00f1ez\nMoscoso, present\u00f3 la nueva Subsecretar\u00eda de Diversidades, que ser\u00e1 un espacio\nde articulaci\u00f3n y coordinaci\u00f3n estatal para promover el cumplimiento de los\nderechos consagrados en la Constituci\u00f3n del pa\u00eds y dem\u00e1s normativa\ninternacional de las que el Ecuador forma parte. <\/p>\n\n\n\n<p class=\"wp-block-paragraph\">El objetivo de esta instancia, que\nestar\u00e1 presida por el Subsecretario Felipe Ochoa, ser\u00e1 promover la promoci\u00f3n,\nprevenci\u00f3n, atenci\u00f3n e investigaci\u00f3n de derechos para erradicar todo tipo de\nviolencias por orientaci\u00f3n sexual y\/o identidad de g\u00e9nero.<\/p>\n\n\n\n<p class=\"wp-block-paragraph\">A su vez, se busca un espacio\ndonde se genere un proceso de construcci\u00f3n de pol\u00edticas p\u00fablicas integrales\norientadas a construir sociedades m\u00e1s emp\u00e1ticas frente a la diversidad social. <\/p>\n\n\n\n<p class=\"wp-block-paragraph\">En un emotivo video, el Presidente\nGuillermo Lasso felicit\u00f3 la iniciativa de la Secretaria Ord\u00f3\u00f1ez. \u201cEl Gobierno\ndel Encuentro trabaja incansablemente por el bienestar de todas y todos. Las\nacciones de nuestro gobierno tienen como eje transversal el respeto irrestricto\na los Derechos Humanos, en especial erradicar todas las formas de violencia\ncontra las mujeres, y los ecuatorianos por su orientaci\u00f3n sexual y\/o diversidad\nde g\u00e9nero\u201d, agreg\u00f3 el Jefe de Estado.<\/p>\n\n\n\n<p class=\"wp-block-paragraph\">Durante su intervenci\u00f3n, la\nSecretaria Ord\u00f3\u00f1ez calific\u00f3 a la creaci\u00f3n de la Subsecretar\u00eda como \u201cun hito hist\u00f3rico, en el que Ecuador se une a los 62 pa\u00edses en el\nmundo en construir una pol\u00edtica p\u00fablica con leyes de protecci\u00f3n contra la\ndiscriminaci\u00f3n por motivos de orientaci\u00f3n sexual y\/o identidad\nde g\u00e9nero\u201d.<\/p>\n\n\n\n<p class=\"wp-block-paragraph\">Record\u00f3 que este derecho ha sido olvidado por a\u00f1os y que se consolid\u00f3 por\nel compromiso del Gobierno del Encuentro, del Presidente Guillermo Lasso, para\ngenerar una sociedad m\u00e1s equitativa y justa. <\/p>\n\n\n\n<p class=\"wp-block-paragraph\">\u201cLa pol\u00edtica la construimos juntos, y trabajaremos en una sociedad sin\nviolencia ni discriminaci\u00f3n, en capacitaciones contra la discriminaci\u00f3n sexual\nen espacios laborales con protocolos para la igualdad y no discriminaci\u00f3n en\ninstituciones p\u00fablicas y privadas, promoviendo el trabajo sin discriminaci\u00f3n de\ng\u00e9nero y atenci\u00f3n en materia de salud a la poblaci\u00f3n LGBTI+\u201d, se\u00f1al\u00f3.<\/p>\n\n\n\n<p class=\"wp-block-paragraph\">\u201cQueremos garantizar que en el Ecuador del Encuentro los derechos humanos\nno est\u00e9n en el papel, sino que se materialicen en la realidad y esforzarnos por\nlograr un pa\u00eds verdaderamente libre y equitativo\u201d, mencion\u00f3 la Secretaria.<\/p>\n\n\n\n<p class=\"wp-block-paragraph\">De su lado, el Subsecretario Ochoa afirm\u00f3 que entre las primeras y\nesenciales estrategias que se impulsar\u00e1n desde la Secretar\u00eda de Derechos\nHumanos est\u00e1 la construcci\u00f3n de mesas interinstitucionales de trabajo\npermanentes para la clausura de las cl\u00ednicas de terapia para intentar modificar\nla orientaci\u00f3n sexual o identidad de g\u00e9nero de estas personas, que ya est\u00e1n\nsancionadas en el C\u00f3digo Org\u00e1nico Integral Penal y se implementar\u00e1 una ruta de\natenci\u00f3n para las personas que han sido ingresadas a&nbsp; estos lugares. <\/p>\n\n\n\n<p class=\"wp-block-paragraph\">Se trabajar\u00e1 con todas las instituciones del Ejecutivo para realizar un\nacuerdo de medidas administrativas espec\u00edficas que garanticen los derechos de\nlas personas LGBTI+ a ambientes libres de discriminaci\u00f3n laboral, cumpliendo el\ncompromiso del plan del Gobierno del Encuentro.<\/p>\n\n\n\n<p class=\"wp-block-paragraph\">Ricardo Chica, fundador de la Red\nInteruniversitaria LGBTI+, en representaci\u00f3n de los colectivos, reconoci\u00f3 la\nvoluntad pol\u00edtica del presidente Lasso y la Secretaria Ord\u00f3\u00f1ez.<\/p>\n\n\n\n<p class=\"wp-block-paragraph\">\u201cLa emisi\u00f3n de una pol\u00edtica p\u00fablica para erradicar todas las formas de\nviolencia y discriminaci\u00f3n hacia las personas LGBTIQ+ el d\u00eda de hoy configura\nun hito hist\u00f3rico en el pa\u00eds. Desde la sociedad civil suscribimos nuestro compromiso\nactivo por un trabajo articulado, que nos permita pasar desde la demanda social\na la propuesta, para luchar por un Ecuador sin violencia, m\u00e1s equitativo y m\u00e1s\nlibre\u201d, agreg\u00f3.<\/p>\n\n\n\n<p class=\"wp-block-paragraph\">El compromiso es que esta\nconstrucci\u00f3n sea colectiva, paritaria y diversa donde todas y todos podamos\naportar en la generaci\u00f3n de programas y proyectos que permitan a las personas\nde la poblaci\u00f3n LGBTI+ gozar de los derechos humanos que les corresponde sin\ndiscriminaci\u00f3n.<\/p>\n\n\n\n<p class=\"wp-block-paragraph\"><strong>Para mayor informaci\u00f3n<\/strong><\/p>\n\n\n\n<p class=\"wp-block-paragraph\"><strong>Direcci\u00f3n de Comunicaci\u00f3n Social<\/strong><\/p>\n","protected":false},"excerpt":{"rendered":"<p class=\"excerpt\">El Gobierno del Encuentro, del Presidente de la Rep\u00fablica Guillermo Lasso, en un hito hist\u00f3rico apuesta&nbsp; a trabajar en una pol\u00edtica p\u00fablica integral para prevenir todas las formas de violencia contra las personas por su orientaci\u00f3n sexual y\/o identidad de g\u00e9nero. Este lunes, en el Centro Cultural Metropolitano, en Quito, la Secretaria de Derechos Humanos, Bernarda Ord\u00f3\u00f1ez Moscoso, present\u00f3 la&hellip; <a href=\"https:\/\/www.ministeriodegobierno.gob.ec\/derechoshumanos\/2021\/06\/28\/por-dia-del-orgullo-lgbti-se-crea-la-subsecretaria-de-diversidades\/\">Read more &rarr;<\/a><\/p>\n","protected":false},"author":6,"featured_media":9487,"comment_status":"closed","ping_status":"closed","sticky":false,"template":"","format":"standard","meta":{"footnotes":""},"categories":[20,5,6],"tags":[],"class_list":["post-9486","post","type-post","status-publish","format-standard","has-post-thumbnail","hentry","category-boletin-de-prensa","category-noticias","category-noticias-destacadas","xfolkentry"],"_links":{"self":[{"href":"https:\/\/www.ministeriodegobierno.gob.ec\/derechoshumanos\/wp-json\/wp\/v2\/posts\/9486","targetHints":{"allow":["GET"]}}],"collection":[{"href":"https:\/\/www.ministeriodegobierno.gob.ec\/derechoshumanos\/wp-json\/wp\/v2\/posts"}],"about":[{"href":"https:\/\/www.ministeriodegobierno.gob.ec\/derechoshumanos\/wp-json\/wp\/v2\/types\/post"}],"author":[{"embeddable":true,"href":"https:\/\/www.ministeriodegobierno.gob.ec\/derechoshumanos\/wp-json\/wp\/v2\/users\/6"}],"replies":[{"embeddable":true,"href":"https:\/\/www.ministeriodegobierno.gob.ec\/derechoshumanos\/wp-json\/wp\/v2\/comments?post=9486"}],"version-history":[{"count":2,"href":"https:\/\/www.ministeriodegobierno.gob.ec\/derechoshumanos\/wp-json\/wp\/v2\/posts\/9486\/revisions"}],"predecessor-version":[{"id":9489,"href":"https:\/\/www.ministeriodegobierno.gob.ec\/derechoshumanos\/wp-json\/wp\/v2\/posts\/9486\/revisions\/9489"}],"wp:featuredmedia":[{"embeddable":true,"href":"https:\/\/www.ministeriodegobierno.gob.ec\/derechoshumanos\/wp-json\/wp\/v2\/media\/9487"}],"wp:attachment":[{"href":"https:\/\/www.ministeriodegobierno.gob.ec\/derechoshumanos\/wp-json\/wp\/v2\/media?parent=9486"}],"wp:term":[{"taxonomy":"category","embeddable":true,"href":"https:\/\/www.ministeriodegobierno.gob.ec\/derechoshumanos\/wp-json\/wp\/v2\/categories?post=9486"},{"taxonomy":"post_tag","embeddable":true,"href":"https:\/\/www.ministeriodegobierno.gob.ec\/derechoshumanos\/wp-json\/wp\/v2\/tags?post=9486"}],"curies":[{"name":"wp","href":"https:\/\/api.w.org\/{rel}","templated":true}]}}