{"id":9492,"date":"2021-06-30T13:56:13","date_gmt":"2021-06-30T18:56:13","guid":{"rendered":"https:\/\/www.derechoshumanos.gob.ec\/?p=9492"},"modified":"2021-06-30T13:56:13","modified_gmt":"2021-06-30T18:56:13","slug":"vacunacion-a-poblacion-waorani-en-la-zona-intangible-arranca-este-1-de-julio","status":"publish","type":"post","link":"https:\/\/www.ministeriodegobierno.gob.ec\/derechoshumanos\/2021\/06\/30\/vacunacion-a-poblacion-waorani-en-la-zona-intangible-arranca-este-1-de-julio\/","title":{"rendered":"VACUNACI\u00d3N A POBLACI\u00d3N WAORANI EN LA ZONA INTANGIBLE ARRANCA ESTE 1 DE JULIO"},"content":{"rendered":"\n<p class=\"wp-block-paragraph\"><\/p>\n\n\n\n<p class=\"wp-block-paragraph\">En una estrategia\nconjunta entre el Ministerio de Salud P\u00fablica (MSP) y la Secretar\u00eda de Derechos\nHumanos, del 1\nal 2 de julio, se vacunar\u00e1 a 126 miembros de la nacionalidad Waorani que\nhabitan en la Zona Intangible Tagaeri-Taromenane (ZITT), ubicada en la\nprovincia de Orellana.<\/p>\n\n\n\n<p class=\"wp-block-paragraph\">Previamente, el jueves 24\ny viernes 25 de junio se\nejecut\u00f3 el plan piloto en la Estaci\u00f3n de Monitoreo de la ZITT, y en la\ncomunidad de Bameno, con la presencia de la secretaria de\nDerechos Humanos, Bernarda Ord\u00f3\u00f1ez Moscoso y la coordinadora Zonal 2- Salud,\nMercy Almeida, quienes dialogaron con l\u00edderes y miembros de la comunidad sobre\nlos beneficios de recibir la inmunizaci\u00f3n. <\/p>\n\n\n\n<p class=\"wp-block-paragraph\">El 24 de junio, las\nautoridades verificaron en la Estaci\u00f3n de Monitoreo de la Zona Intangible, a\ncargo de la Secretar\u00eda de Derechos Humanos, que se cumplan con los protocolos\nnacionales e internacionales, previo a este proceso de vacunaci\u00f3n que arranca\neste jueves. <\/p>\n\n\n\n<p class=\"wp-block-paragraph\">Mientras que el 25 de\njunio, un equipo t\u00e9cnico de las dos instituciones ingres\u00f3 a la comunidad\nBameno, para coordinar la jornada e inspeccionar el lugar de vacunaci\u00f3n. <\/p>\n\n\n\n<p class=\"wp-block-paragraph\">Para la inmunizaci\u00f3n se\nha previsto dos puestos de vacunaci\u00f3n del Ministerio de Salud P\u00fablica (MSP) y,\njunto a la Secretar\u00eda de Derechos Humanos, se intervendr\u00e1 en las comunidades de\n\u00d1oneno, Guemeneweno, Omakaweno, Boanamo, Bameno, Cononaco Chico y Omere.<\/p>\n\n\n\n<p class=\"wp-block-paragraph\">A los\nt\u00e9cnicos del Ministerio de Salud y la Secretar\u00eda de Derechos Humanos les toma\nm\u00e1s de 12 horas llegar a los puntos de vacunaci\u00f3n de la Zona Intangible.<\/p>\n\n\n\n<p class=\"wp-block-paragraph\">El Gobierno del Encuentro\ngarantiza el acceso a la salud y protege el mayor patrimonio vivo que\nrepresentan los Pueblos y Nacionalidades Ind\u00edgenas. <\/p>\n","protected":false},"excerpt":{"rendered":"<p class=\"excerpt\">En una estrategia conjunta entre el Ministerio de Salud P\u00fablica (MSP) y la Secretar\u00eda de Derechos Humanos, del 1 al 2 de julio, se vacunar\u00e1 a 126 miembros de la nacionalidad Waorani que habitan en la Zona Intangible Tagaeri-Taromenane (ZITT), ubicada en la provincia de Orellana. Previamente, el jueves 24 y viernes 25 de junio se ejecut\u00f3 el plan piloto&hellip; <a href=\"https:\/\/www.ministeriodegobierno.gob.ec\/derechoshumanos\/2021\/06\/30\/vacunacion-a-poblacion-waorani-en-la-zona-intangible-arranca-este-1-de-julio\/\">Read more &rarr;<\/a><\/p>\n","protected":false},"author":6,"featured_media":9493,"comment_status":"closed","ping_status":"closed","sticky":false,"template":"","format":"standard","meta":{"footnotes":""},"categories":[20,5,6],"tags":[],"class_list":["post-9492","post","type-post","status-publish","format-standard","has-post-thumbnail","hentry","category-boletin-de-prensa","category-noticias","category-noticias-destacadas","xfolkentry"],"_links":{"self":[{"href":"https:\/\/www.ministeriodegobierno.gob.ec\/derechoshumanos\/wp-json\/wp\/v2\/posts\/9492","targetHints":{"allow":["GET"]}}],"collection":[{"href":"https:\/\/www.ministeriodegobierno.gob.ec\/derechoshumanos\/wp-json\/wp\/v2\/posts"}],"about":[{"href":"https:\/\/www.ministeriodegobierno.gob.ec\/derechoshumanos\/wp-json\/wp\/v2\/types\/post"}],"author":[{"embeddable":true,"href":"https:\/\/www.ministeriodegobierno.gob.ec\/derechoshumanos\/wp-json\/wp\/v2\/users\/6"}],"replies":[{"embeddable":true,"href":"https:\/\/www.ministeriodegobierno.gob.ec\/derechoshumanos\/wp-json\/wp\/v2\/comments?post=9492"}],"version-history":[{"count":1,"href":"https:\/\/www.ministeriodegobierno.gob.ec\/derechoshumanos\/wp-json\/wp\/v2\/posts\/9492\/revisions"}],"predecessor-version":[{"id":9494,"href":"https:\/\/www.ministeriodegobierno.gob.ec\/derechoshumanos\/wp-json\/wp\/v2\/posts\/9492\/revisions\/9494"}],"wp:featuredmedia":[{"embeddable":true,"href":"https:\/\/www.ministeriodegobierno.gob.ec\/derechoshumanos\/wp-json\/wp\/v2\/media\/9493"}],"wp:attachment":[{"href":"https:\/\/www.ministeriodegobierno.gob.ec\/derechoshumanos\/wp-json\/wp\/v2\/media?parent=9492"}],"wp:term":[{"taxonomy":"category","embeddable":true,"href":"https:\/\/www.ministeriodegobierno.gob.ec\/derechoshumanos\/wp-json\/wp\/v2\/categories?post=9492"},{"taxonomy":"post_tag","embeddable":true,"href":"https:\/\/www.ministeriodegobierno.gob.ec\/derechoshumanos\/wp-json\/wp\/v2\/tags?post=9492"}],"curies":[{"name":"wp","href":"https:\/\/api.w.org\/{rel}","templated":true}]}}