{"id":9500,"date":"2021-07-02T08:15:10","date_gmt":"2021-07-02T13:15:10","guid":{"rendered":"https:\/\/www.derechoshumanos.gob.ec\/?p=9500"},"modified":"2021-07-02T08:18:53","modified_gmt":"2021-07-02T13:18:53","slug":"126-personas-de-la-nacionalidad-waorani-se-vacunan-contra-covid-19-en-la-zona-intangible","status":"publish","type":"post","link":"https:\/\/www.ministeriodegobierno.gob.ec\/derechoshumanos\/2021\/07\/02\/126-personas-de-la-nacionalidad-waorani-se-vacunan-contra-covid-19-en-la-zona-intangible\/","title":{"rendered":"126 PERSONAS DE LA NACIONALIDAD WAORANI SE VACUNAN CONTRA COVID-19 EN LA ZONA INTANGIBLE"},"content":{"rendered":"\n<p class=\"wp-block-paragraph\"><\/p>\n\n\n\n<p class=\"wp-block-paragraph\"> <\/p>\n\n\n\n<p class=\"wp-block-paragraph\">La\nSecretar\u00eda de Derechos Humanos lidera desde este 1 de julio el proceso de\nvacunaci\u00f3n a 126 personas de la nacionalidad Waorani, en la Zona Intangible\nTagaeri- Taromenane, en la provincia de Orellana. El proceso se realiza en\nconjunto con el Ministerio de Salud. <\/p>\n\n\n\n<p class=\"wp-block-paragraph\">Cada\nuna de las personas inoculadas reciben un monitoreo farmacol\u00f3gico. Para la\ninmunizaci\u00f3n, que contin\u00faa hasta este 2 de julio, se dispuso dos puestos de\nvacunaci\u00f3n del Ministerio de Salud P\u00fablica (MSP). Se intervendr\u00e1 en las\ncomunidades de \u00d1oneno, Guemeneweno, Omakaweno, Boanamo, Bameno, Cononaco Chico\ny Omere. <\/p>\n\n\n\n<p class=\"wp-block-paragraph\">A los\nt\u00e9cnicos del Ministerio de Salud y la Secretar\u00eda de Derechos Humanos les toma\nm\u00e1s de 12 horas de navegaci\u00f3n llegar a los puntos de vacunaci\u00f3n de la Zona\nIntangible. <\/p>\n\n\n\n<p class=\"wp-block-paragraph\">Con la\ninclusi\u00f3n de los pobladores Waorani de la ZITT en el proceso de vacunaci\u00f3n, la\nSecretar\u00eda de Derechos Humanos presenta su compromiso por proteger y garantizar\na preservaci\u00f3n del patrimonio cultural vivo de la Zona Intangible, que son los\nPueblos Ind\u00edgenas en Aislamiento Voluntario, as\u00ed como los pueblos que mantienen\ncontacto inicial- Waorani. <\/p>\n\n\n\n<table class=\"wp-block-table\"><tbody><tr><td>\n  La\n  Comisi\u00f3n Interamericana de Derechos Humanos (CIDH), con Resoluci\u00f3n 1\/2021 del\n  6 de abril de 2021, establece que los Estados deben priorizar la inoculaci\u00f3n\n  de las personas con mayor riesgo de contagio y a quienes experimentan un\n  mayor riesgo frente a la pandemia, dentro de los cuales se incluyen a las\n  personas que por factores geogr\u00e1ficos experimentan se encuentran en esta\n  situaci\u00f3n, tales como los pueblos ind\u00edgenas. \n  <\/td><\/tr><tr><td><\/td><\/tr><\/tbody><\/table>\n\n\n\n<p class=\"wp-block-paragraph\">En los \u00faltimos a\u00f1os ha existido un importante\ndesarrollo de las actividades tur\u00edsticas en la Zona Intangible Tagaeri-\nTaromenane, lo cual aumenta el riesgo de contagio a la poblaci\u00f3n que se\nmantiene en contacto con los centros poblados, y consecuentemente, se incrementa el riesgo de que se d\u00e9 un contagio\ndif\u00edcil de contener debido a la distancia y complicaciones propias de la zona.\nDentro del proceso, se levant\u00f3 informaci\u00f3n de la poblaci\u00f3n Waorani que habita\nla Zona Intangible Tagaeri \u2013 Taromenane, en un trabajo conjunto entre la\nSecretar\u00eda de Derechos Humanos, el Ministerio de Salud P\u00fablica, la Fundaci\u00f3n\nRIOS y el Fondo Ecuatoriano Populorum Progressio. El proceso de vacunaci\u00f3n se\nsocializ\u00f3 y se permiti\u00f3 a los integrantes de cada comunidad tomar la decisi\u00f3n\nde manera libre e informada. <\/p>\n\n\n\n<p class=\"wp-block-paragraph\">Previamente,\nel jueves 24 y viernes 25 de junio se ejecut\u00f3 el plan piloto en la Estaci\u00f3n de\nMonitoreo de la ZITT, y en la comunidad de Bameno, con la presencia de la\nsecretaria de Derechos Humanos, Bernarda Ord\u00f3\u00f1ez Moscoso y la coordinadora\nZonal 2- Salud, Mercy Almeida, quienes dialogaron con l\u00edderes y miembros de la\ncomunidad sobre los beneficios de recibir la inmunizaci\u00f3n. <\/p>\n\n\n\n<p class=\"wp-block-paragraph\">El 24\nde junio, las autoridades verificaron en la Estaci\u00f3n de Monitoreo de la Zona\nIntangible, a cargo de la Secretar\u00eda de Derechos Humanos, que se cumplan con\nlos protocolos nacionales e internacionales, previo a este proceso de\nvacunaci\u00f3n que arranca este jueves. <\/p>\n\n\n\n<p class=\"wp-block-paragraph\">Mientras\nque el 25 de junio, un equipo t\u00e9cnico de las dos instituciones ingres\u00f3 a la\ncomunidad Bameno, para coordinar la jornada e inspeccionar el lugar de\nvacunaci\u00f3n. <\/p>\n","protected":false},"excerpt":{"rendered":"<p class=\"excerpt\">La Secretar\u00eda de Derechos Humanos lidera desde este 1 de julio el proceso de vacunaci\u00f3n a 126 personas de la nacionalidad Waorani, en la Zona Intangible Tagaeri- Taromenane, en la provincia de Orellana. El proceso se realiza en conjunto con el Ministerio de Salud. Cada una de las personas inoculadas reciben un monitoreo farmacol\u00f3gico. Para la inmunizaci\u00f3n, que contin\u00faa hasta&hellip; <a href=\"https:\/\/www.ministeriodegobierno.gob.ec\/derechoshumanos\/2021\/07\/02\/126-personas-de-la-nacionalidad-waorani-se-vacunan-contra-covid-19-en-la-zona-intangible\/\">Read more &rarr;<\/a><\/p>\n","protected":false},"author":6,"featured_media":9501,"comment_status":"closed","ping_status":"closed","sticky":false,"template":"","format":"standard","meta":{"footnotes":""},"categories":[20,5,6],"tags":[],"class_list":["post-9500","post","type-post","status-publish","format-standard","has-post-thumbnail","hentry","category-boletin-de-prensa","category-noticias","category-noticias-destacadas","xfolkentry"],"_links":{"self":[{"href":"https:\/\/www.ministeriodegobierno.gob.ec\/derechoshumanos\/wp-json\/wp\/v2\/posts\/9500","targetHints":{"allow":["GET"]}}],"collection":[{"href":"https:\/\/www.ministeriodegobierno.gob.ec\/derechoshumanos\/wp-json\/wp\/v2\/posts"}],"about":[{"href":"https:\/\/www.ministeriodegobierno.gob.ec\/derechoshumanos\/wp-json\/wp\/v2\/types\/post"}],"author":[{"embeddable":true,"href":"https:\/\/www.ministeriodegobierno.gob.ec\/derechoshumanos\/wp-json\/wp\/v2\/users\/6"}],"replies":[{"embeddable":true,"href":"https:\/\/www.ministeriodegobierno.gob.ec\/derechoshumanos\/wp-json\/wp\/v2\/comments?post=9500"}],"version-history":[{"count":5,"href":"https:\/\/www.ministeriodegobierno.gob.ec\/derechoshumanos\/wp-json\/wp\/v2\/posts\/9500\/revisions"}],"predecessor-version":[{"id":9506,"href":"https:\/\/www.ministeriodegobierno.gob.ec\/derechoshumanos\/wp-json\/wp\/v2\/posts\/9500\/revisions\/9506"}],"wp:featuredmedia":[{"embeddable":true,"href":"https:\/\/www.ministeriodegobierno.gob.ec\/derechoshumanos\/wp-json\/wp\/v2\/media\/9501"}],"wp:attachment":[{"href":"https:\/\/www.ministeriodegobierno.gob.ec\/derechoshumanos\/wp-json\/wp\/v2\/media?parent=9500"}],"wp:term":[{"taxonomy":"category","embeddable":true,"href":"https:\/\/www.ministeriodegobierno.gob.ec\/derechoshumanos\/wp-json\/wp\/v2\/categories?post=9500"},{"taxonomy":"post_tag","embeddable":true,"href":"https:\/\/www.ministeriodegobierno.gob.ec\/derechoshumanos\/wp-json\/wp\/v2\/tags?post=9500"}],"curies":[{"name":"wp","href":"https:\/\/api.w.org\/{rel}","templated":true}]}}