{"id":9508,"date":"2021-07-05T19:32:20","date_gmt":"2021-07-06T00:32:20","guid":{"rendered":"https:\/\/www.derechoshumanos.gob.ec\/?p=9508"},"modified":"2021-07-05T19:32:21","modified_gmt":"2021-07-06T00:32:21","slug":"secretaria-bernarda-ordonez-moscoso-propone-en-la-comision-mixta-nacional-de-acceso-a-la-justicia-acciones-para-una-vida-libre-de-violencias","status":"publish","type":"post","link":"https:\/\/www.ministeriodegobierno.gob.ec\/derechoshumanos\/2021\/07\/05\/secretaria-bernarda-ordonez-moscoso-propone-en-la-comision-mixta-nacional-de-acceso-a-la-justicia-acciones-para-una-vida-libre-de-violencias\/","title":{"rendered":"SECRETARIA BERNARDA ORD\u00d3\u00d1EZ MOSCOSO PROPONE EN LA COMISI\u00d3N MIXTA NACIONAL DE ACCESO A LA JUSTICIA ACCIONES PARA UNA VIDA LIBRE DE VIOLENCIAS"},"content":{"rendered":"\n<p class=\"wp-block-paragraph\"><\/p>\n\n\n\n<p class=\"wp-block-paragraph\">La Secretaria de Derechos Humanos, Bernarda Ord\u00f3\u00f1ez Moscoso, particip\u00f3\neste lunes 5 de julio en la Comisi\u00f3n Mixta Nacional de Acceso a la Justicia, a\nfin de cumplir con los objetivos planteados en el Acuerdo Nacional 2030, \u00abPor\nuna Vida Libre de Violencias\u00bb.\n<\/p>\n\n\n\n<p class=\"wp-block-paragraph\">La Comisi\u00f3n est\u00e1 conformada por las m\u00e1ximas autoridades de la Secretar\u00eda\nde Derechos Humanos, del Ministerio de Inclusi\u00f3n Econ\u00f3mica y Social, de la\nCorte Nacional de Justicia, del Consejo de la Judicatura y de la Defensor\u00eda\nP\u00fablica.\n<\/p>\n\n\n\n<p class=\"wp-block-paragraph\">En su intervenci\u00f3n, la Secretaria Ord\u00f3\u00f1ez Moscoso se\u00f1al\u00f3 que las violencias\nen todas sus expresiones afectan gravemente a la garant\u00eda de los derechos\nhumanos de las personas. \u201cPor esta raz\u00f3n, es necesario trabajar en acciones\nemergentes y eficaces para prevenir y erradicar las violencias\u201d, dijo.\n<\/p>\n\n\n\n<p class=\"wp-block-paragraph\">A su criterio, la violencia contra las mujeres se encuentra presente en todos\nlos niveles sociales y econ\u00f3micos y est\u00e1 profundamente arraigada en la\nsociedad. Por ello record\u00f3 que 6 de cada 10 mujeres han sufrido actos de\nviolencia en el Ecuador. \u201cPor este motivo, las acciones deben ser fuertes y\neficaces\u201d, aclar\u00f3.\n<\/p>\n\n\n\n<p class=\"wp-block-paragraph\">Record\u00f3 que el Gobierno del Encuentro, del presidente Guillermo Lasso,\ncuenta con un Plan de acci\u00f3n, enfocado en \u201cMujeres Libres de Violencia\u201d, cuya\nmeta es lograr el Femicidio Cero, a trav\u00e9s de la aplicaci\u00f3n de la Ley Org\u00e1nica\nIntegral para Prevenir y Erradicar la Violencia contra la Mujer.\n<\/p>\n\n\n\n<p class=\"wp-block-paragraph\">En el marco de este encuentro, la Secretaria Ord\u00f3\u00f1ez present\u00f3 el Plan Piloto\nde los \u00abCentros Violetas\u00bb, espacios especializados de atenci\u00f3n, protecci\u00f3n y\nreparaci\u00f3n a mujeres, ni\u00f1as, ni\u00f1os y adolescentes que se encuentran en\nsituaciones de vulnerabilidad.\n<\/p>\n\n\n\n<p class=\"wp-block-paragraph\">Seg\u00fan las cifras del Instituto Nacional de Estad\u00edsticas y Censos (INEC), hasta\njunio de 2021 se registraron 32 femicidios. Sin embargo, desde 2014 se\ncontabilizan 484 casos, siendo las provincias de Guayas, Manab\u00ed, El Oro,\nPichincha y Azuay las que m\u00e1s casos presentan.\n<\/p>\n","protected":false},"excerpt":{"rendered":"<p class=\"excerpt\">La Secretaria de Derechos Humanos, Bernarda Ord\u00f3\u00f1ez Moscoso, particip\u00f3 este lunes 5 de julio en la Comisi\u00f3n Mixta Nacional de Acceso a la Justicia, a fin de cumplir con los objetivos planteados en el Acuerdo Nacional 2030, \u00abPor una Vida Libre de Violencias\u00bb. La Comisi\u00f3n est\u00e1 conformada por las m\u00e1ximas autoridades de la Secretar\u00eda de Derechos Humanos, del Ministerio de&hellip; <a href=\"https:\/\/www.ministeriodegobierno.gob.ec\/derechoshumanos\/2021\/07\/05\/secretaria-bernarda-ordonez-moscoso-propone-en-la-comision-mixta-nacional-de-acceso-a-la-justicia-acciones-para-una-vida-libre-de-violencias\/\">Read more &rarr;<\/a><\/p>\n","protected":false},"author":6,"featured_media":9509,"comment_status":"closed","ping_status":"closed","sticky":false,"template":"","format":"standard","meta":{"footnotes":""},"categories":[20,5,6],"tags":[],"class_list":["post-9508","post","type-post","status-publish","format-standard","has-post-thumbnail","hentry","category-boletin-de-prensa","category-noticias","category-noticias-destacadas","xfolkentry"],"_links":{"self":[{"href":"https:\/\/www.ministeriodegobierno.gob.ec\/derechoshumanos\/wp-json\/wp\/v2\/posts\/9508","targetHints":{"allow":["GET"]}}],"collection":[{"href":"https:\/\/www.ministeriodegobierno.gob.ec\/derechoshumanos\/wp-json\/wp\/v2\/posts"}],"about":[{"href":"https:\/\/www.ministeriodegobierno.gob.ec\/derechoshumanos\/wp-json\/wp\/v2\/types\/post"}],"author":[{"embeddable":true,"href":"https:\/\/www.ministeriodegobierno.gob.ec\/derechoshumanos\/wp-json\/wp\/v2\/users\/6"}],"replies":[{"embeddable":true,"href":"https:\/\/www.ministeriodegobierno.gob.ec\/derechoshumanos\/wp-json\/wp\/v2\/comments?post=9508"}],"version-history":[{"count":1,"href":"https:\/\/www.ministeriodegobierno.gob.ec\/derechoshumanos\/wp-json\/wp\/v2\/posts\/9508\/revisions"}],"predecessor-version":[{"id":9510,"href":"https:\/\/www.ministeriodegobierno.gob.ec\/derechoshumanos\/wp-json\/wp\/v2\/posts\/9508\/revisions\/9510"}],"wp:featuredmedia":[{"embeddable":true,"href":"https:\/\/www.ministeriodegobierno.gob.ec\/derechoshumanos\/wp-json\/wp\/v2\/media\/9509"}],"wp:attachment":[{"href":"https:\/\/www.ministeriodegobierno.gob.ec\/derechoshumanos\/wp-json\/wp\/v2\/media?parent=9508"}],"wp:term":[{"taxonomy":"category","embeddable":true,"href":"https:\/\/www.ministeriodegobierno.gob.ec\/derechoshumanos\/wp-json\/wp\/v2\/categories?post=9508"},{"taxonomy":"post_tag","embeddable":true,"href":"https:\/\/www.ministeriodegobierno.gob.ec\/derechoshumanos\/wp-json\/wp\/v2\/tags?post=9508"}],"curies":[{"name":"wp","href":"https:\/\/api.w.org\/{rel}","templated":true}]}}