{"id":9512,"date":"2021-07-06T16:12:11","date_gmt":"2021-07-06T21:12:11","guid":{"rendered":"https:\/\/www.derechoshumanos.gob.ec\/?p=9512"},"modified":"2021-07-06T16:14:42","modified_gmt":"2021-07-06T21:14:42","slug":"mas-de-300-personas-de-casas-de-acogida-centros-de-atencion-y-servicios-de-proteccion-integral-seran-vacunadas-contra-covid-19","status":"publish","type":"post","link":"https:\/\/www.ministeriodegobierno.gob.ec\/derechoshumanos\/2021\/07\/06\/mas-de-300-personas-de-casas-de-acogida-centros-de-atencion-y-servicios-de-proteccion-integral-seran-vacunadas-contra-covid-19\/","title":{"rendered":"M\u00e1s de 300 personas de Casas de Acogida, Centros de Atenci\u00f3n y Servicios de Protecci\u00f3n Integral ser\u00e1n vacunadas contra COVID-19"},"content":{"rendered":"\n<p class=\"wp-block-paragraph\"><\/p>\n\n\n\n<p class=\"wp-block-paragraph\"><\/p>\n\n\n\n<p class=\"wp-block-paragraph\">El Gobierno del Encuentro mantiene su compromiso con las mujeres. Gracias a\nla gesti\u00f3n de la Secretar\u00eda de Derechos Humanos, m\u00e1s de 300 personas que\nreciben y brindan atenci\u00f3n y protecci\u00f3n integral en Casas de Acogida, Centros\nde Atenci\u00f3n Integral y el Servicio de Protecci\u00f3n Integral, ser\u00e1n vacunadas\ncontra el COVID-19.<\/p>\n\n\n\n<p class=\"wp-block-paragraph\">Este proceso se realizar\u00e1 en coordinaci\u00f3n con el Ministerio de Salud\nP\u00fablica.<\/p>\n\n\n\n<p class=\"wp-block-paragraph\">La Secretar\u00eda de Derechos Humanos actualmente mantiene convenios con cinco Casas de Acogida y 16 Centros de Atenci\u00f3n Integral.<\/p>\n\n\n\n<p class=\"wp-block-paragraph\">Tambi\u00e9n cuenta con 45 equipos de Servicio de Protecci\u00f3n Integral a escala nacional que brindan asistencia a mujeres, sus hijas e hijos menores de edad, personas de la tercera edad y personas con discapacidad sobrevivientes de diferentes tipos violencia, y rescatadas de trata y tr\u00e1fico il\u00edcito de migrantes. <\/p>\n\n\n\n<p class=\"wp-block-paragraph\">Las Casas de Acogida son espacios que brindan refugio temporal y garantizan\natenci\u00f3n integral para la restituci\u00f3n de derechos de mujeres, sobrevivientes de\nviolencia y sus hijas e hijos. <\/p>\n\n\n\n<p class=\"wp-block-paragraph\">Los Centros de Atenci\u00f3n Integral y los Servicios de Protecci\u00f3n Integral\nrealizan atenci\u00f3n directa en las \u00e1reas de psicolog\u00eda, trabajo social y asesor\u00eda\njur\u00eddica con la finalidad de reiniciar el proyecto de vida de las\nsobrevivientes de violencia.<\/p>\n\n\n\n<p class=\"wp-block-paragraph\">El proceso de inoculaci\u00f3n iniciar\u00e1 con la socializaci\u00f3n de la importancia de\nrecibir las dosis y as\u00ed precautelar su salud en tiempos de pandemia. <\/p>\n\n\n\n<p class=\"wp-block-paragraph\">Luego se realizar\u00e1 la vacunaci\u00f3n de acuerdo a los protocolos establecidos.\nEl proceso de vacunaci\u00f3n se realizar\u00e1 de manera libre, voluntaria e informada y\ncontar\u00e1 con el seguimiento correspondiente. <\/p>\n\n\n\n<p class=\"wp-block-paragraph\">Mediante esta coordinaci\u00f3n interinstitucional, la Secretar\u00eda de Derechos\nHumanos mantiene su compromiso con las mujeres sobrevivientes de todo tipo de\nviolencia en el Ecuador.<\/p>\n","protected":false},"excerpt":{"rendered":"<p class=\"excerpt\">El Gobierno del Encuentro mantiene su compromiso con las mujeres. Gracias a la gesti\u00f3n de la Secretar\u00eda de Derechos Humanos, m\u00e1s de 300 personas que reciben y brindan atenci\u00f3n y protecci\u00f3n integral en Casas de Acogida, Centros de Atenci\u00f3n Integral y el Servicio de Protecci\u00f3n Integral, ser\u00e1n vacunadas contra el COVID-19. Este proceso se realizar\u00e1 en coordinaci\u00f3n con el Ministerio&hellip; <a href=\"https:\/\/www.ministeriodegobierno.gob.ec\/derechoshumanos\/2021\/07\/06\/mas-de-300-personas-de-casas-de-acogida-centros-de-atencion-y-servicios-de-proteccion-integral-seran-vacunadas-contra-covid-19\/\">Read more &rarr;<\/a><\/p>\n","protected":false},"author":6,"featured_media":9515,"comment_status":"closed","ping_status":"closed","sticky":false,"template":"","format":"standard","meta":{"footnotes":""},"categories":[20,5],"tags":[],"class_list":["post-9512","post","type-post","status-publish","format-standard","has-post-thumbnail","hentry","category-boletin-de-prensa","category-noticias","xfolkentry"],"_links":{"self":[{"href":"https:\/\/www.ministeriodegobierno.gob.ec\/derechoshumanos\/wp-json\/wp\/v2\/posts\/9512","targetHints":{"allow":["GET"]}}],"collection":[{"href":"https:\/\/www.ministeriodegobierno.gob.ec\/derechoshumanos\/wp-json\/wp\/v2\/posts"}],"about":[{"href":"https:\/\/www.ministeriodegobierno.gob.ec\/derechoshumanos\/wp-json\/wp\/v2\/types\/post"}],"author":[{"embeddable":true,"href":"https:\/\/www.ministeriodegobierno.gob.ec\/derechoshumanos\/wp-json\/wp\/v2\/users\/6"}],"replies":[{"embeddable":true,"href":"https:\/\/www.ministeriodegobierno.gob.ec\/derechoshumanos\/wp-json\/wp\/v2\/comments?post=9512"}],"version-history":[{"count":2,"href":"https:\/\/www.ministeriodegobierno.gob.ec\/derechoshumanos\/wp-json\/wp\/v2\/posts\/9512\/revisions"}],"predecessor-version":[{"id":9514,"href":"https:\/\/www.ministeriodegobierno.gob.ec\/derechoshumanos\/wp-json\/wp\/v2\/posts\/9512\/revisions\/9514"}],"wp:featuredmedia":[{"embeddable":true,"href":"https:\/\/www.ministeriodegobierno.gob.ec\/derechoshumanos\/wp-json\/wp\/v2\/media\/9515"}],"wp:attachment":[{"href":"https:\/\/www.ministeriodegobierno.gob.ec\/derechoshumanos\/wp-json\/wp\/v2\/media?parent=9512"}],"wp:term":[{"taxonomy":"category","embeddable":true,"href":"https:\/\/www.ministeriodegobierno.gob.ec\/derechoshumanos\/wp-json\/wp\/v2\/categories?post=9512"},{"taxonomy":"post_tag","embeddable":true,"href":"https:\/\/www.ministeriodegobierno.gob.ec\/derechoshumanos\/wp-json\/wp\/v2\/tags?post=9512"}],"curies":[{"name":"wp","href":"https:\/\/api.w.org\/{rel}","templated":true}]}}