{"id":9519,"date":"2021-07-07T13:49:33","date_gmt":"2021-07-07T18:49:33","guid":{"rendered":"https:\/\/www.derechoshumanos.gob.ec\/?p=9519"},"modified":"2021-07-07T13:49:34","modified_gmt":"2021-07-07T18:49:34","slug":"directora-zonal-6-visito-la-provincia-de-morona-santiago-para-coordinar-acciones-de-prevencion-y-erradicacion-de-la-violencia-contra-las-mujeres","status":"publish","type":"post","link":"https:\/\/www.ministeriodegobierno.gob.ec\/derechoshumanos\/2021\/07\/07\/directora-zonal-6-visito-la-provincia-de-morona-santiago-para-coordinar-acciones-de-prevencion-y-erradicacion-de-la-violencia-contra-las-mujeres\/","title":{"rendered":"DIRECTORA ZONAL 6 VISIT\u00d3 LA PROVINCIA DE MORONA SANTIAGO PARA COORDINAR ACCIONES DE PREVENCI\u00d3N Y ERRADICACI\u00d3N DE LA VIOLENCIA CONTRA LAS MUJERES"},"content":{"rendered":"\n<p class=\"wp-block-paragraph\"><\/p>\n\n\n\n<p class=\"wp-block-paragraph\">Mar\u00eda\nEsperanza Neira, directora zonal 6, visit\u00f3 la provincia de Morona Santiago, en donde\nmantuvo reuniones con los representantes de las &nbsp;instituciones que forman parte del Sistema\nNacional para Prevenir y Erradicar la Violencia contra las Mujeres, generando\nacuerdos y compromisos de un trabajo conjunto en territorio.<\/p>\n\n\n\n<p class=\"wp-block-paragraph\">\u201cDesde\nla Zonal 6 de la Secretar\u00eda de Derechos Humanos estamos trabajando con todas\nlas instituciones que forman parte del Sistema Nacional Integral para Prevenir\ny Erradicar la Violencia contra Las Mujeres, en planes de acci\u00f3n conjuntos, que\npermitan que los derechos reconocidos por nuestra Constituci\u00f3n se conviertan en\nuna realidad para todos en el Ecuador del Encuentro\u201d, se\u00f1al\u00f3 la Directora\nZonal. <\/p>\n\n\n\n<p class=\"wp-block-paragraph\">En este marco se reuni\u00f3 con Freddy Villamagua,\ngobernador de la provincia, con el prop\u00f3sito de coordinar acciones conjuntas\ncontra la violencia. <\/p>\n\n\n\n<p class=\"wp-block-paragraph\">El Servicio de Protecci\u00f3n Integral de la\nSecretar\u00eda de Derechos Humanos capacitar\u00e1 a 32 Tenientes Pol\u00edticos que actualmente\nest\u00e1n integr\u00e1ndose a sus cargos. <\/p>\n\n\n\n<p class=\"wp-block-paragraph\">Adem\u00e1s se coordinan acciones para&nbsp; el tr\u00e1mite de legalizaci\u00f3n de s\u00edndicos de las\ncomunidades Shuar.<\/p>\n\n\n\n<p class=\"wp-block-paragraph\">Tambi\u00e9n\ndialog\u00f3 &nbsp;con los representantes\nprovinciales de los&nbsp; Ministerios de\nInclusi\u00f3n Econ\u00f3mica y Social y de Salud, con quienes acord\u00f3 la cooperaci\u00f3n interinstitucional\nen el trabajo que desempe\u00f1a el Servicio de Protecci\u00f3n Integral Macas,\nespecialmente en territorios alejados de la cabecera provincial, como Taisha y\nTiwintza.<\/p>\n\n\n\n<p class=\"wp-block-paragraph\">Uno de los ejes centrales del Gobierno del\nEncuentro es femicidio cero, por esto convers\u00f3 con Ana Madero, fiscal provincial,\npara identificar nudos cr\u00edticos en la erradicaci\u00f3n de la violencia de g\u00e9nero y realizar\nacciones conjuntas en materia de prevenci\u00f3n y con Alexandra Ordo\u00f1ez,&nbsp; directora del Consejo de la Judicatura&nbsp; para trabajar en la sensibilizaci\u00f3n a\ncomunidades Shuar en temas de prevenci\u00f3n de violencia contra mujeres, ni\u00f1as y\nadolescentes. <\/p>\n\n\n\n<p class=\"wp-block-paragraph\">Asimismo, visit\u00f3 &nbsp;a la directora\nejecutiva de la &nbsp;Coordinadora de Equidad,\nFormaci\u00f3n y Acci\u00f3n Social (CEFAS) Cristina L\u00f3pez, articulando acciones para\nbrindar apoyo y atenci\u00f3n integral a sobrevivientes de violencia. <\/p>\n","protected":false},"excerpt":{"rendered":"<p class=\"excerpt\">Mar\u00eda Esperanza Neira, directora zonal 6, visit\u00f3 la provincia de Morona Santiago, en donde mantuvo reuniones con los representantes de las &nbsp;instituciones que forman parte del Sistema Nacional para Prevenir y Erradicar la Violencia contra las Mujeres, generando acuerdos y compromisos de un trabajo conjunto en territorio. \u201cDesde la Zonal 6 de la Secretar\u00eda de Derechos Humanos estamos trabajando con&hellip; <a href=\"https:\/\/www.ministeriodegobierno.gob.ec\/derechoshumanos\/2021\/07\/07\/directora-zonal-6-visito-la-provincia-de-morona-santiago-para-coordinar-acciones-de-prevencion-y-erradicacion-de-la-violencia-contra-las-mujeres\/\">Read more &rarr;<\/a><\/p>\n","protected":false},"author":6,"featured_media":9520,"comment_status":"closed","ping_status":"closed","sticky":false,"template":"","format":"standard","meta":{"footnotes":""},"categories":[20,5,6],"tags":[],"class_list":["post-9519","post","type-post","status-publish","format-standard","has-post-thumbnail","hentry","category-boletin-de-prensa","category-noticias","category-noticias-destacadas","xfolkentry"],"_links":{"self":[{"href":"https:\/\/www.ministeriodegobierno.gob.ec\/derechoshumanos\/wp-json\/wp\/v2\/posts\/9519","targetHints":{"allow":["GET"]}}],"collection":[{"href":"https:\/\/www.ministeriodegobierno.gob.ec\/derechoshumanos\/wp-json\/wp\/v2\/posts"}],"about":[{"href":"https:\/\/www.ministeriodegobierno.gob.ec\/derechoshumanos\/wp-json\/wp\/v2\/types\/post"}],"author":[{"embeddable":true,"href":"https:\/\/www.ministeriodegobierno.gob.ec\/derechoshumanos\/wp-json\/wp\/v2\/users\/6"}],"replies":[{"embeddable":true,"href":"https:\/\/www.ministeriodegobierno.gob.ec\/derechoshumanos\/wp-json\/wp\/v2\/comments?post=9519"}],"version-history":[{"count":1,"href":"https:\/\/www.ministeriodegobierno.gob.ec\/derechoshumanos\/wp-json\/wp\/v2\/posts\/9519\/revisions"}],"predecessor-version":[{"id":9521,"href":"https:\/\/www.ministeriodegobierno.gob.ec\/derechoshumanos\/wp-json\/wp\/v2\/posts\/9519\/revisions\/9521"}],"wp:featuredmedia":[{"embeddable":true,"href":"https:\/\/www.ministeriodegobierno.gob.ec\/derechoshumanos\/wp-json\/wp\/v2\/media\/9520"}],"wp:attachment":[{"href":"https:\/\/www.ministeriodegobierno.gob.ec\/derechoshumanos\/wp-json\/wp\/v2\/media?parent=9519"}],"wp:term":[{"taxonomy":"category","embeddable":true,"href":"https:\/\/www.ministeriodegobierno.gob.ec\/derechoshumanos\/wp-json\/wp\/v2\/categories?post=9519"},{"taxonomy":"post_tag","embeddable":true,"href":"https:\/\/www.ministeriodegobierno.gob.ec\/derechoshumanos\/wp-json\/wp\/v2\/tags?post=9519"}],"curies":[{"name":"wp","href":"https:\/\/api.w.org\/{rel}","templated":true}]}}