{"id":9537,"date":"2021-07-11T19:06:07","date_gmt":"2021-07-12T00:06:07","guid":{"rendered":"https:\/\/www.derechoshumanos.gob.ec\/?p=9537"},"modified":"2021-07-11T19:06:08","modified_gmt":"2021-07-12T00:06:08","slug":"secretaria-de-derechos-humanos-arranca-proceso-de-vacunacion-a-personal-de-los-servicios-de-proteccion-integral-en-portoviejo","status":"publish","type":"post","link":"https:\/\/www.ministeriodegobierno.gob.ec\/derechoshumanos\/2021\/07\/11\/secretaria-de-derechos-humanos-arranca-proceso-de-vacunacion-a-personal-de-los-servicios-de-proteccion-integral-en-portoviejo\/","title":{"rendered":"SECRETAR\u00cdA DE DERECHOS HUMANOS ARRANCA PROCESO DE VACUNACI\u00d3N A PERSONAL DE LOS SERVICIOS DE PROTECCI\u00d3N INTEGRAL, EN PORTOVIEJO"},"content":{"rendered":"\n<p class=\"wp-block-paragraph\"><\/p>\n\n\n\n<p class=\"wp-block-paragraph\">En Portoviejo inici\u00f3 el Plan de Vacunaci\u00f3n para\npersonas que brindan&nbsp; atenci\u00f3n a\nsobrevivientes de violencia en&nbsp; Centros\nde Atenci\u00f3n, que mantienen convenios con la Secretar\u00eda de Derechos Humanos, as\u00ed\ncomo el personal t\u00e9cnico de los Servicios de Protecci\u00f3n Integral.<\/p>\n\n\n\n<p class=\"wp-block-paragraph\">Este proceso se lleva a cabo en coordinaci\u00f3n con el\nMinisterio de Salud y es parte del&nbsp; Plan\nVacunaci\u00f3n 9\/100, encaminado por el Gobierno del Encuentro, en garant\u00eda del\nacceso a la salud.&nbsp; <\/p>\n\n\n\n<p class=\"wp-block-paragraph\">La Oficina T\u00e9cnica Zonal 4 de esta Cartera de\nEstado, que comprende las provincias de&nbsp;\nManab\u00ed\u0301 y Santo Domingo de los Ts\u00e1chilas,&nbsp; realiz\u00f3 las gestiones operativas para\ngarantizar el proceso de vacunaci\u00f3n. En total 14 profesionales, que&nbsp; brindan atenci\u00f3n a mujeres, recibieron la\nvacuna contra el COVID-19. <\/p>\n\n\n\n<p class=\"wp-block-paragraph\">Juan Carlos Pe\u00f1afiel, coordinador zonal 4, calific\u00f3\neste proceso como fundamental, \u201cen apoyo a la&nbsp; reactivaci\u00f3n del pa\u00eds\u201d.<\/p>\n\n\n\n<p class=\"wp-block-paragraph\">A su criterio, la vacunaci\u00f3n al personal t\u00e9cnico es\nprioritaria, porque&nbsp; \u201cfortalece la pr\u00e1ctica diaria y de naturaleza propia\ndel trabajo con las visitas&nbsp; puerta a puerta a sobrevivientes de\nviolencia\u201d.&nbsp;<\/p>\n\n\n\n<p class=\"wp-block-paragraph\">Dentro de este proceso a escala nacional&nbsp; se tiene contemplado que las sobrevivientes\nde violencia,&nbsp; que se encuentran en las\ncinco Casas de Acogida, reciban la vacuna como una medida de protecci\u00f3n de\nderechos humanos. Con este fin,&nbsp; se inici\u00f3\nla etapa de socializaci\u00f3n sobre la importancia de recibir las dosis,\ngarantizando el derecho a la informaci\u00f3n, y la decisi\u00f3n libre y voluntaria de\nlas sobrevivientes de violencia de acceder a cada dosis. <\/p>\n\n\n\n<p class=\"wp-block-paragraph\">El coordinador zonal 4 considera&nbsp; que con la vacunaci\u00f3n a las sobrevivientes de\nviolencia tambi\u00e9n se las protege y contribuye a que puedan seguir con sus\nanhelos de vida.&nbsp;<\/p>\n\n\n\n<p class=\"wp-block-paragraph\">Con esta acci\u00f3n el Gobierno del Encuentro contin\u00faa\ntrabajando por la promoci\u00f3n y garant\u00eda de los derechos de las mujeres.<\/p>\n","protected":false},"excerpt":{"rendered":"<p class=\"excerpt\">En Portoviejo inici\u00f3 el Plan de Vacunaci\u00f3n para personas que brindan&nbsp; atenci\u00f3n a sobrevivientes de violencia en&nbsp; Centros de Atenci\u00f3n, que mantienen convenios con la Secretar\u00eda de Derechos Humanos, as\u00ed como el personal t\u00e9cnico de los Servicios de Protecci\u00f3n Integral. Este proceso se lleva a cabo en coordinaci\u00f3n con el Ministerio de Salud y es parte del&nbsp; Plan Vacunaci\u00f3n 9\/100,&hellip; <a href=\"https:\/\/www.ministeriodegobierno.gob.ec\/derechoshumanos\/2021\/07\/11\/secretaria-de-derechos-humanos-arranca-proceso-de-vacunacion-a-personal-de-los-servicios-de-proteccion-integral-en-portoviejo\/\">Read more &rarr;<\/a><\/p>\n","protected":false},"author":6,"featured_media":9538,"comment_status":"closed","ping_status":"closed","sticky":false,"template":"","format":"standard","meta":{"footnotes":""},"categories":[20,5,6],"tags":[],"class_list":["post-9537","post","type-post","status-publish","format-standard","has-post-thumbnail","hentry","category-boletin-de-prensa","category-noticias","category-noticias-destacadas","xfolkentry"],"_links":{"self":[{"href":"https:\/\/www.ministeriodegobierno.gob.ec\/derechoshumanos\/wp-json\/wp\/v2\/posts\/9537","targetHints":{"allow":["GET"]}}],"collection":[{"href":"https:\/\/www.ministeriodegobierno.gob.ec\/derechoshumanos\/wp-json\/wp\/v2\/posts"}],"about":[{"href":"https:\/\/www.ministeriodegobierno.gob.ec\/derechoshumanos\/wp-json\/wp\/v2\/types\/post"}],"author":[{"embeddable":true,"href":"https:\/\/www.ministeriodegobierno.gob.ec\/derechoshumanos\/wp-json\/wp\/v2\/users\/6"}],"replies":[{"embeddable":true,"href":"https:\/\/www.ministeriodegobierno.gob.ec\/derechoshumanos\/wp-json\/wp\/v2\/comments?post=9537"}],"version-history":[{"count":1,"href":"https:\/\/www.ministeriodegobierno.gob.ec\/derechoshumanos\/wp-json\/wp\/v2\/posts\/9537\/revisions"}],"predecessor-version":[{"id":9539,"href":"https:\/\/www.ministeriodegobierno.gob.ec\/derechoshumanos\/wp-json\/wp\/v2\/posts\/9537\/revisions\/9539"}],"wp:featuredmedia":[{"embeddable":true,"href":"https:\/\/www.ministeriodegobierno.gob.ec\/derechoshumanos\/wp-json\/wp\/v2\/media\/9538"}],"wp:attachment":[{"href":"https:\/\/www.ministeriodegobierno.gob.ec\/derechoshumanos\/wp-json\/wp\/v2\/media?parent=9537"}],"wp:term":[{"taxonomy":"category","embeddable":true,"href":"https:\/\/www.ministeriodegobierno.gob.ec\/derechoshumanos\/wp-json\/wp\/v2\/categories?post=9537"},{"taxonomy":"post_tag","embeddable":true,"href":"https:\/\/www.ministeriodegobierno.gob.ec\/derechoshumanos\/wp-json\/wp\/v2\/tags?post=9537"}],"curies":[{"name":"wp","href":"https:\/\/api.w.org\/{rel}","templated":true}]}}