{"id":9541,"date":"2021-07-14T13:21:33","date_gmt":"2021-07-14T18:21:33","guid":{"rendered":"https:\/\/www.derechoshumanos.gob.ec\/?p=9541"},"modified":"2021-07-14T13:21:34","modified_gmt":"2021-07-14T18:21:34","slug":"taller-de-sensibilizacion-sobre-violencia-y-rutas-de-atencion-para-sobrevivientes-de-violencia-en-loja","status":"publish","type":"post","link":"https:\/\/www.ministeriodegobierno.gob.ec\/derechoshumanos\/2021\/07\/14\/taller-de-sensibilizacion-sobre-violencia-y-rutas-de-atencion-para-sobrevivientes-de-violencia-en-loja\/","title":{"rendered":"Taller de sensibilizaci\u00f3n sobre  violencia y rutas de atenci\u00f3n para sobrevivientes de violencia en Loja"},"content":{"rendered":"\n<p class=\"wp-block-paragraph\"><\/p>\n\n\n\n<p class=\"wp-block-paragraph\">La Secretar\u00eda de Derechos Humanos, a trav\u00e9s del\nServicio de Protecci\u00f3n Integral de Loja, realiz\u00f3 el taller de sensibilizaci\u00f3n\nen violencia&nbsp; y rutas&nbsp; de atenci\u00f3n para el otorgamiento de medidas\nde protecci\u00f3n a sobrevivientes de violencia.<\/p>\n\n\n\n<p class=\"wp-block-paragraph\">El encuentro se realiz\u00f3 en coordinaci\u00f3n con el Ministerio\nde Trabajo y se dirigi\u00f3 a m\u00e1s de 30 personas de las parroquias El Cisne y\nGualel.<\/p>\n\n\n\n<p class=\"wp-block-paragraph\">Con estos talleres se busca implementar acciones\nconjuntas con todos los actores del Sistema de Protecci\u00f3n de Derechos, con\n\u00e9nfasis en el maltrato y trabajo infantil como otra problem\u00e1tica familiar&nbsp; asociada a la violencia de g\u00e9nero.&nbsp;&nbsp; <\/p>\n\n\n\n<p class=\"wp-block-paragraph\">Mar\u00eda Isabel&nbsp;\nEspinosa, coordinadora de la Oficina T\u00e9cnica Zonal 7, record\u00f3 que la Secretar\u00eda\nde Derechos Humanos, a trav\u00e9s de los Servicios de Protecci\u00f3n Integral de Loja\nbrinda atenci\u00f3n integral a las sobrevivientes de violencia.<\/p>\n\n\n\n<p class=\"wp-block-paragraph\">\u201cReafirmamos nuestro compromiso a diario e invitamos\na las dem\u00e1s instituciones y a la sociedad en general al encuentro por una vida\nlibre de todo tipo de violencias\u201d, agreg\u00f3 la coordinadora Espinosa.<\/p>\n","protected":false},"excerpt":{"rendered":"<p class=\"excerpt\">La Secretar\u00eda de Derechos Humanos, a trav\u00e9s del Servicio de Protecci\u00f3n Integral de Loja, realiz\u00f3 el taller de sensibilizaci\u00f3n en violencia&nbsp; y rutas&nbsp; de atenci\u00f3n para el otorgamiento de medidas de protecci\u00f3n a sobrevivientes de violencia. El encuentro se realiz\u00f3 en coordinaci\u00f3n con el Ministerio de Trabajo y se dirigi\u00f3 a m\u00e1s de 30 personas de las parroquias El Cisne&hellip; <a href=\"https:\/\/www.ministeriodegobierno.gob.ec\/derechoshumanos\/2021\/07\/14\/taller-de-sensibilizacion-sobre-violencia-y-rutas-de-atencion-para-sobrevivientes-de-violencia-en-loja\/\">Read more &rarr;<\/a><\/p>\n","protected":false},"author":6,"featured_media":9543,"comment_status":"closed","ping_status":"closed","sticky":false,"template":"","format":"standard","meta":{"footnotes":""},"categories":[20,5,6],"tags":[],"class_list":["post-9541","post","type-post","status-publish","format-standard","has-post-thumbnail","hentry","category-boletin-de-prensa","category-noticias","category-noticias-destacadas","xfolkentry"],"_links":{"self":[{"href":"https:\/\/www.ministeriodegobierno.gob.ec\/derechoshumanos\/wp-json\/wp\/v2\/posts\/9541","targetHints":{"allow":["GET"]}}],"collection":[{"href":"https:\/\/www.ministeriodegobierno.gob.ec\/derechoshumanos\/wp-json\/wp\/v2\/posts"}],"about":[{"href":"https:\/\/www.ministeriodegobierno.gob.ec\/derechoshumanos\/wp-json\/wp\/v2\/types\/post"}],"author":[{"embeddable":true,"href":"https:\/\/www.ministeriodegobierno.gob.ec\/derechoshumanos\/wp-json\/wp\/v2\/users\/6"}],"replies":[{"embeddable":true,"href":"https:\/\/www.ministeriodegobierno.gob.ec\/derechoshumanos\/wp-json\/wp\/v2\/comments?post=9541"}],"version-history":[{"count":1,"href":"https:\/\/www.ministeriodegobierno.gob.ec\/derechoshumanos\/wp-json\/wp\/v2\/posts\/9541\/revisions"}],"predecessor-version":[{"id":9544,"href":"https:\/\/www.ministeriodegobierno.gob.ec\/derechoshumanos\/wp-json\/wp\/v2\/posts\/9541\/revisions\/9544"}],"wp:featuredmedia":[{"embeddable":true,"href":"https:\/\/www.ministeriodegobierno.gob.ec\/derechoshumanos\/wp-json\/wp\/v2\/media\/9543"}],"wp:attachment":[{"href":"https:\/\/www.ministeriodegobierno.gob.ec\/derechoshumanos\/wp-json\/wp\/v2\/media?parent=9541"}],"wp:term":[{"taxonomy":"category","embeddable":true,"href":"https:\/\/www.ministeriodegobierno.gob.ec\/derechoshumanos\/wp-json\/wp\/v2\/categories?post=9541"},{"taxonomy":"post_tag","embeddable":true,"href":"https:\/\/www.ministeriodegobierno.gob.ec\/derechoshumanos\/wp-json\/wp\/v2\/tags?post=9541"}],"curies":[{"name":"wp","href":"https:\/\/api.w.org\/{rel}","templated":true}]}}