{"id":9545,"date":"2021-07-14T13:35:00","date_gmt":"2021-07-14T18:35:00","guid":{"rendered":"https:\/\/www.derechoshumanos.gob.ec\/?p=9545"},"modified":"2021-07-14T13:35:00","modified_gmt":"2021-07-14T18:35:00","slug":"en-carchi-e-imbabura-se-presento-el-sistema-de-alertas-tempranas-y-respuestas-rapidas-para-la-frontera-norte-del-ecuador","status":"publish","type":"post","link":"https:\/\/www.ministeriodegobierno.gob.ec\/derechoshumanos\/2021\/07\/14\/en-carchi-e-imbabura-se-presento-el-sistema-de-alertas-tempranas-y-respuestas-rapidas-para-la-frontera-norte-del-ecuador\/","title":{"rendered":"En Carchi e Imbabura se present\u00f3 el Sistema de Alertas Tempranas y Respuestas R\u00e1pidas para la Frontera Norte del Ecuador"},"content":{"rendered":"\n<p class=\"wp-block-paragraph\"><\/p>\n\n\n\n<p class=\"wp-block-paragraph\">La Secretar\u00eda de\nDerechos Humanos, en conjunto con la Defensor\u00eda del Pueblo y la Organizaci\u00f3n de\nNaciones Unidas (ONU), presentaron el <strong>Sistema\nde Alertas Tempranas y Respuestas R\u00e1pidas para la Frontera Norte del Ecuador &#8211;\nSART<\/strong>, en las provincias de Carchi e Imbabura. <\/p>\n\n\n\n<p class=\"wp-block-paragraph\">Este proyecto\nestrat\u00e9gico se construy\u00f3 con el apoyo de la Cooperaci\u00f3n T\u00e9cnica Alemana GIZ\nEcuador y el Sistema de Naciones Unidas, con el objetivo de fortalecer las\ncapacidades del Estado ecuatoriano para prevenir las violaciones a los derechos\nhumanos de la poblaci\u00f3n que habita o transita en la regi\u00f3n fronteriza de\nEcuador y Colombia, y responder r\u00e1pidamente a las situaciones de violaci\u00f3n a\nlos derechos humanos inminentes o futuras. <\/p>\n\n\n\n<p class=\"wp-block-paragraph\">Adem\u00e1s de robustecer los lazos de compromiso entre los actores de territorio, para\nquienes el SART aspira convertirse en una herramienta estrat\u00e9gica que brindar\u00e1\ninformaci\u00f3n y fortalecer\u00e1 procesos educomunicacionales, para la construcci\u00f3n de\npol\u00edticas p\u00fablicas en materia de prevenci\u00f3n, protecci\u00f3n y promoci\u00f3n de los\nDerechos Humanos y de la Naturaleza, as\u00ed como para la construcci\u00f3n de una\nverdadera Cultura de Paz.<\/p>\n\n\n\n<p class=\"wp-block-paragraph\">Carlos Espinoza, Director Zonal 1 se\u00f1al\u00f3 que<strong> <\/strong>\u201cestas iniciativas buscan impulsar las\ncapacidades institucionales, a trav\u00e9s del Sistema de Protecci\u00f3n de Derechos,\nmotivando a trabajar incansablemente en articular esfuerzos conjuntos que\npotencializen a\u00fan m\u00e1s acciones preventivas\u201d.<\/p>\n\n\n\n<p class=\"wp-block-paragraph\">En el marco de esta\npropuesta se realizaron talleres integrantes acerca del Sistema de Protecci\u00f3n\nde Derechos, organizaciones sociales y no gubernamentales, Juntas y Consejos\nCantonales de Protecci\u00f3n de Derechos, Gobiernos Aut\u00f3nomos Descentralizados\nMunicipales y Provinciales de Imbabura y Carchi.<\/p>\n","protected":false},"excerpt":{"rendered":"<p class=\"excerpt\">La Secretar\u00eda de Derechos Humanos, en conjunto con la Defensor\u00eda del Pueblo y la Organizaci\u00f3n de Naciones Unidas (ONU), presentaron el Sistema de Alertas Tempranas y Respuestas R\u00e1pidas para la Frontera Norte del Ecuador &#8211; SART, en las provincias de Carchi e Imbabura. Este proyecto estrat\u00e9gico se construy\u00f3 con el apoyo de la Cooperaci\u00f3n T\u00e9cnica Alemana GIZ Ecuador y el&hellip; <a href=\"https:\/\/www.ministeriodegobierno.gob.ec\/derechoshumanos\/2021\/07\/14\/en-carchi-e-imbabura-se-presento-el-sistema-de-alertas-tempranas-y-respuestas-rapidas-para-la-frontera-norte-del-ecuador\/\">Read more &rarr;<\/a><\/p>\n","protected":false},"author":6,"featured_media":9546,"comment_status":"closed","ping_status":"closed","sticky":false,"template":"","format":"standard","meta":{"footnotes":""},"categories":[20,5,6],"tags":[],"class_list":["post-9545","post","type-post","status-publish","format-standard","has-post-thumbnail","hentry","category-boletin-de-prensa","category-noticias","category-noticias-destacadas","xfolkentry"],"_links":{"self":[{"href":"https:\/\/www.ministeriodegobierno.gob.ec\/derechoshumanos\/wp-json\/wp\/v2\/posts\/9545","targetHints":{"allow":["GET"]}}],"collection":[{"href":"https:\/\/www.ministeriodegobierno.gob.ec\/derechoshumanos\/wp-json\/wp\/v2\/posts"}],"about":[{"href":"https:\/\/www.ministeriodegobierno.gob.ec\/derechoshumanos\/wp-json\/wp\/v2\/types\/post"}],"author":[{"embeddable":true,"href":"https:\/\/www.ministeriodegobierno.gob.ec\/derechoshumanos\/wp-json\/wp\/v2\/users\/6"}],"replies":[{"embeddable":true,"href":"https:\/\/www.ministeriodegobierno.gob.ec\/derechoshumanos\/wp-json\/wp\/v2\/comments?post=9545"}],"version-history":[{"count":1,"href":"https:\/\/www.ministeriodegobierno.gob.ec\/derechoshumanos\/wp-json\/wp\/v2\/posts\/9545\/revisions"}],"predecessor-version":[{"id":9547,"href":"https:\/\/www.ministeriodegobierno.gob.ec\/derechoshumanos\/wp-json\/wp\/v2\/posts\/9545\/revisions\/9547"}],"wp:featuredmedia":[{"embeddable":true,"href":"https:\/\/www.ministeriodegobierno.gob.ec\/derechoshumanos\/wp-json\/wp\/v2\/media\/9546"}],"wp:attachment":[{"href":"https:\/\/www.ministeriodegobierno.gob.ec\/derechoshumanos\/wp-json\/wp\/v2\/media?parent=9545"}],"wp:term":[{"taxonomy":"category","embeddable":true,"href":"https:\/\/www.ministeriodegobierno.gob.ec\/derechoshumanos\/wp-json\/wp\/v2\/categories?post=9545"},{"taxonomy":"post_tag","embeddable":true,"href":"https:\/\/www.ministeriodegobierno.gob.ec\/derechoshumanos\/wp-json\/wp\/v2\/tags?post=9545"}],"curies":[{"name":"wp","href":"https:\/\/api.w.org\/{rel}","templated":true}]}}