{"id":9694,"date":"2021-07-20T14:34:27","date_gmt":"2021-07-20T19:34:27","guid":{"rendered":"https:\/\/www.derechoshumanos.gob.ec\/?p=9694"},"modified":"2021-07-20T14:34:28","modified_gmt":"2021-07-20T19:34:28","slug":"la-secretaria-de-derechos-humanos-refuerza-la-comunicacion-comunitaria-a-traves-de-talleres-de-produccion-radiofonica","status":"publish","type":"post","link":"https:\/\/www.ministeriodegobierno.gob.ec\/derechoshumanos\/2021\/07\/20\/la-secretaria-de-derechos-humanos-refuerza-la-comunicacion-comunitaria-a-traves-de-talleres-de-produccion-radiofonica\/","title":{"rendered":"LA SECRETAR\u00cdA DE DERECHOS HUMANOS REFUERZA LA COMUNICACI\u00d3N COMUNITARIA, A TRAV\u00c9S DE TALLERES  DE \u201cPRODUCCI\u00d3N RADIOF\u00d3NICA\u201d"},"content":{"rendered":"\n<p class=\"wp-block-paragraph\">La Secretar\u00eda de Derechos Humanos,\nen coordinaci\u00f3n con el Consejo de Comunicaci\u00f3n, inici\u00f3 el Plan de Talleres de\n\u201cProducci\u00f3n Radiof\u00f3nica\u201d, a fin de capacitar a los responsables de los medios de\ncomunicaci\u00f3n comunitarios de Pueblos y Nacionalidades. <\/p>\n\n\n\n<p class=\"wp-block-paragraph\">En este encuentro participar\u00e1n 60\nrepresentantes de los medios comunitarios y se abordar\u00e1n los g\u00e9neros\nperiod\u00edsticos, guiones y parrilla de programaci\u00f3n intercultural, desempe\u00f1o ante\nel micr\u00f3fono, comunicaci\u00f3n y periodismo en la era digital, herramientas t\u00e9cnicas\/tecnol\u00f3gicas\ny gesti\u00f3n administrativa\/financiera de los medios comunitarios.<\/p>\n\n\n\n<p class=\"wp-block-paragraph\">Para Nixon Aguinda, de la radio\n\u00d1ukanchi Muscuy, de la nacionalidad Kichwa, de Loreto, este taller le permitir\u00e1\n\u201ctener herramientas precisas para la radio comunitaria con base en la realidad\nde cada organizaci\u00f3n\u201d.<\/p>\n\n\n\n<p class=\"wp-block-paragraph\">De su parte, Silvio Chiripua, de\nla radio \u00c9pera, de esa misma nacionalidad, agradeci\u00f3 a la Secretar\u00eda de\nDerechos Humanos por el apoyo de&nbsp; \u201cformar\ncomunicadores en las comunidades\u201d y tambi\u00e9n por respetar su derecho a la\nlibertad de expresi\u00f3n.<\/p>\n\n\n\n<p class=\"wp-block-paragraph\">La capacitaci\u00f3n se desarrollar\u00e1\ndurante la semana del 19 al 23 de julio del 2021, con una duraci\u00f3n de 10 horas\ny se realizar\u00e1 de manera virtual a trav\u00e9s de la plataforma Zoom. <\/p>\n\n\n\n<p class=\"wp-block-paragraph\">Con esta\nactividad se busca dotar de conocimientos\ncomunicacionales para\nla elaboraci\u00f3n de productos radiales, elaboraci\u00f3n de contenidos basados en su\ncultura, identidad e idiomas que fortalezcan la interculturalidad y diversidad\ncultural.<\/p>\n\n\n\n<p class=\"wp-block-paragraph\">El Gobierno del Encuentro\nmantiene su compromiso de prestar atenci\u00f3n a\nvarios temas de Pueblos y Nacionalidades del Ecuador, a trav\u00e9s del trabajo\nconjunto, en esta ocasi\u00f3n en el tema comunicacional en los sectores rurales. <\/p>\n\n\n\n<p class=\"wp-block-paragraph\"><strong>Para mayor informaci\u00f3n: <\/strong><\/p>\n\n\n\n<p class=\"wp-block-paragraph\"><strong>Direcci\u00f3n de Comunicaci\u00f3n Social<\/strong><\/p>\n","protected":false},"excerpt":{"rendered":"<p class=\"excerpt\">La Secretar\u00eda de Derechos Humanos, en coordinaci\u00f3n con el Consejo de Comunicaci\u00f3n, inici\u00f3 el Plan de Talleres de \u201cProducci\u00f3n Radiof\u00f3nica\u201d, a fin de capacitar a los responsables de los medios de comunicaci\u00f3n comunitarios de Pueblos y Nacionalidades. En este encuentro participar\u00e1n 60 representantes de los medios comunitarios y se abordar\u00e1n los g\u00e9neros period\u00edsticos, guiones y parrilla de programaci\u00f3n intercultural, desempe\u00f1o&hellip; <a href=\"https:\/\/www.ministeriodegobierno.gob.ec\/derechoshumanos\/2021\/07\/20\/la-secretaria-de-derechos-humanos-refuerza-la-comunicacion-comunitaria-a-traves-de-talleres-de-produccion-radiofonica\/\">Read more &rarr;<\/a><\/p>\n","protected":false},"author":8,"featured_media":9695,"comment_status":"closed","ping_status":"closed","sticky":false,"template":"","format":"standard","meta":{"footnotes":""},"categories":[20,5,6],"tags":[],"class_list":["post-9694","post","type-post","status-publish","format-standard","has-post-thumbnail","hentry","category-boletin-de-prensa","category-noticias","category-noticias-destacadas","xfolkentry"],"_links":{"self":[{"href":"https:\/\/www.ministeriodegobierno.gob.ec\/derechoshumanos\/wp-json\/wp\/v2\/posts\/9694","targetHints":{"allow":["GET"]}}],"collection":[{"href":"https:\/\/www.ministeriodegobierno.gob.ec\/derechoshumanos\/wp-json\/wp\/v2\/posts"}],"about":[{"href":"https:\/\/www.ministeriodegobierno.gob.ec\/derechoshumanos\/wp-json\/wp\/v2\/types\/post"}],"author":[{"embeddable":true,"href":"https:\/\/www.ministeriodegobierno.gob.ec\/derechoshumanos\/wp-json\/wp\/v2\/users\/8"}],"replies":[{"embeddable":true,"href":"https:\/\/www.ministeriodegobierno.gob.ec\/derechoshumanos\/wp-json\/wp\/v2\/comments?post=9694"}],"version-history":[{"count":1,"href":"https:\/\/www.ministeriodegobierno.gob.ec\/derechoshumanos\/wp-json\/wp\/v2\/posts\/9694\/revisions"}],"predecessor-version":[{"id":9696,"href":"https:\/\/www.ministeriodegobierno.gob.ec\/derechoshumanos\/wp-json\/wp\/v2\/posts\/9694\/revisions\/9696"}],"wp:featuredmedia":[{"embeddable":true,"href":"https:\/\/www.ministeriodegobierno.gob.ec\/derechoshumanos\/wp-json\/wp\/v2\/media\/9695"}],"wp:attachment":[{"href":"https:\/\/www.ministeriodegobierno.gob.ec\/derechoshumanos\/wp-json\/wp\/v2\/media?parent=9694"}],"wp:term":[{"taxonomy":"category","embeddable":true,"href":"https:\/\/www.ministeriodegobierno.gob.ec\/derechoshumanos\/wp-json\/wp\/v2\/categories?post=9694"},{"taxonomy":"post_tag","embeddable":true,"href":"https:\/\/www.ministeriodegobierno.gob.ec\/derechoshumanos\/wp-json\/wp\/v2\/tags?post=9694"}],"curies":[{"name":"wp","href":"https:\/\/api.w.org\/{rel}","templated":true}]}}