{"id":9697,"date":"2021-07-20T18:58:25","date_gmt":"2021-07-20T23:58:25","guid":{"rendered":"https:\/\/www.derechoshumanos.gob.ec\/?p=9697"},"modified":"2021-07-20T18:58:26","modified_gmt":"2021-07-20T23:58:26","slug":"la-secretaria-de-derechos-humanos-expuso-sus-buenas-practicas-para-la-atencion-en-casos-de-trata-de-personas-y-trafico-ilicito-de-migrantes","status":"publish","type":"post","link":"https:\/\/www.ministeriodegobierno.gob.ec\/derechoshumanos\/2021\/07\/20\/la-secretaria-de-derechos-humanos-expuso-sus-buenas-practicas-para-la-atencion-en-casos-de-trata-de-personas-y-trafico-ilicito-de-migrantes\/","title":{"rendered":"La Secretar\u00eda de Derechos Humanos expuso sus buenas pr\u00e1cticas para la atenci\u00f3n en casos de trata de personas y trafico il\u00edcito de migrantes"},"content":{"rendered":"\n<p class=\"wp-block-paragraph\"><\/p>\n\n\n\n<p class=\"wp-block-paragraph\">La Secretar\u00eda de Derechos Humanos, como parte\ndel Comit\u00e9 Interinstitucional de Coordinaci\u00f3n para la Prevenci\u00f3n de la Trata de\nPersonas, Trafico Il\u00edcito de Migrantes, y Protecci\u00f3n a sus v\u00edctimas, particip\u00f3\nen el&nbsp; Webinar de Buenas pr\u00e1cticas en la protecci\u00f3n\nde este grupo vulnerable en tiempos de COVID 19.<\/p>\n\n\n\n<p class=\"wp-block-paragraph\">En este taller, Jos\u00e9 Antonio S\u00e1nchez, director de Atenci\u00f3n, Protecci\u00f3n Especial y Reparaci\u00f3n de V\u00edctimas, present\u00f3 su ponencia sobre las buenas pr\u00e1cticas para la \u00a0atenci\u00f3n a v\u00edctimas de trata de personas, por medio de los 45 \u00a0Servicios de Protecci\u00f3n Integral,  con los que cuenta esta Cartera de Estado a escala nacional. <\/p>\n\n\n\n<p class=\"wp-block-paragraph\">En este sentido mencion\u00f3 que en \u00e9poca de emergencia\nsanitaria por COVID-19 se realizaron procesos de sensibilizaci\u00f3n a v\u00edctimas de\ntrata de personas y tr\u00e1fico il\u00edcito de migrantes, as\u00ed como la formaci\u00f3n de\nprofesionales que brindan atenci\u00f3n como guardianes del buen trato. <\/p>\n\n\n\n<p class=\"wp-block-paragraph\">Adem\u00e1s, se trabaja permanentemente en la\narticulaci\u00f3n de los Sistemas Locales de Protecci\u00f3n de Derechos para atender\nestos casos de manera integral. <\/p>\n\n\n\n<p class=\"wp-block-paragraph\">Tambi\u00e9n el Director de Atenci\u00f3n destac\u00f3 que\nen diciembre de 2020, mediante Resoluci\u00f3n&nbsp;\nInstitucional, se aprobaron dos instrumentos que facilitan el\ncumplimiento de responsabilidades institucionales mediante buenas pr\u00e1cticas en la\natenci\u00f3n efectiva.<\/p>\n\n\n\n<p class=\"wp-block-paragraph\">En este sentido, resalt\u00f3 la Norma T\u00e9cnica\npara la Atenci\u00f3n Integral a Mujeres V\u00edctimas de Trata de Personas en\nAcogimiento Institucional y los Lineamientos para el Servicio de Protecci\u00f3n\nIntegral para la Atenci\u00f3n a Mujeres V\u00edctimas de Trata de Personas y Tr\u00e1fico\nIl\u00edcito de Migrantes. <\/p>\n\n\n\n<p class=\"wp-block-paragraph\">Por su parte, Francisca Becerra, coordinadora\nde la Casa de Acogida Casa Linda, present\u00f3 un caso de trata de personas y expuso\nel tipo de atenci\u00f3n integral que brindan a las v\u00edctimas, con la finalidad de\nreconstruir su proyecto de vida, lograr una adecuada reinserci\u00f3n a la sociedad\ny evitar su revictimizaci\u00f3n.<\/p>\n\n\n\n<p class=\"wp-block-paragraph\">Sandra Veca, de la Fundaci\u00f3n Alas de Colibr\u00ed,\nhabl\u00f3 sobre la importancia del trabajo en el eje emocional, mediante el \u00e1rea\npsicol\u00f3gica y de trabajo social, para que&nbsp;\nlas v\u00edctimas sientan el respaldo de los profesionales y de sus familias.\n<\/p>\n\n\n\n<p class=\"wp-block-paragraph\">Guillermo\nMoncayo, de la Secretar\u00eda de Seguridad Multidimensional de la Organizaci\u00f3n de\nlos Estados Americanos (OEA), realiz\u00f3 recomendaciones para tratar estos casos\nen los que recalc\u00f3 que la protecci\u00f3n de las v\u00edctimas requiere de respuestas\ncentradas en las v\u00edctimas, mediante un enfoque basado en derechos humanos que\ngarantice la no discriminaci\u00f3n.<\/p>\n\n\n\n<p class=\"wp-block-paragraph\">Este taller se realiz\u00f3 en conmemoraci\u00f3n al D\u00eda\nMundial contra la Trata de Personas y &nbsp;con la participaci\u00f3n de m\u00e1s de 300 personas\nque trabajan en la prevenci\u00f3n,&nbsp; atenci\u00f3n,\nprotecci\u00f3n y reparaci\u00f3n a estos grupos de atenci\u00f3n prioritaria. <\/p>\n","protected":false},"excerpt":{"rendered":"<p class=\"excerpt\">La Secretar\u00eda de Derechos Humanos, como parte del Comit\u00e9 Interinstitucional de Coordinaci\u00f3n para la Prevenci\u00f3n de la Trata de Personas, Trafico Il\u00edcito de Migrantes, y Protecci\u00f3n a sus v\u00edctimas, particip\u00f3 en el&nbsp; Webinar de Buenas pr\u00e1cticas en la protecci\u00f3n de este grupo vulnerable en tiempos de COVID 19. En este taller, Jos\u00e9 Antonio S\u00e1nchez, director de Atenci\u00f3n, Protecci\u00f3n Especial y&hellip; <a href=\"https:\/\/www.ministeriodegobierno.gob.ec\/derechoshumanos\/2021\/07\/20\/la-secretaria-de-derechos-humanos-expuso-sus-buenas-practicas-para-la-atencion-en-casos-de-trata-de-personas-y-trafico-ilicito-de-migrantes\/\">Read more &rarr;<\/a><\/p>\n","protected":false},"author":6,"featured_media":9698,"comment_status":"closed","ping_status":"closed","sticky":false,"template":"","format":"standard","meta":{"footnotes":""},"categories":[20,5,6],"tags":[],"class_list":["post-9697","post","type-post","status-publish","format-standard","has-post-thumbnail","hentry","category-boletin-de-prensa","category-noticias","category-noticias-destacadas","xfolkentry"],"_links":{"self":[{"href":"https:\/\/www.ministeriodegobierno.gob.ec\/derechoshumanos\/wp-json\/wp\/v2\/posts\/9697","targetHints":{"allow":["GET"]}}],"collection":[{"href":"https:\/\/www.ministeriodegobierno.gob.ec\/derechoshumanos\/wp-json\/wp\/v2\/posts"}],"about":[{"href":"https:\/\/www.ministeriodegobierno.gob.ec\/derechoshumanos\/wp-json\/wp\/v2\/types\/post"}],"author":[{"embeddable":true,"href":"https:\/\/www.ministeriodegobierno.gob.ec\/derechoshumanos\/wp-json\/wp\/v2\/users\/6"}],"replies":[{"embeddable":true,"href":"https:\/\/www.ministeriodegobierno.gob.ec\/derechoshumanos\/wp-json\/wp\/v2\/comments?post=9697"}],"version-history":[{"count":1,"href":"https:\/\/www.ministeriodegobierno.gob.ec\/derechoshumanos\/wp-json\/wp\/v2\/posts\/9697\/revisions"}],"predecessor-version":[{"id":9699,"href":"https:\/\/www.ministeriodegobierno.gob.ec\/derechoshumanos\/wp-json\/wp\/v2\/posts\/9697\/revisions\/9699"}],"wp:featuredmedia":[{"embeddable":true,"href":"https:\/\/www.ministeriodegobierno.gob.ec\/derechoshumanos\/wp-json\/wp\/v2\/media\/9698"}],"wp:attachment":[{"href":"https:\/\/www.ministeriodegobierno.gob.ec\/derechoshumanos\/wp-json\/wp\/v2\/media?parent=9697"}],"wp:term":[{"taxonomy":"category","embeddable":true,"href":"https:\/\/www.ministeriodegobierno.gob.ec\/derechoshumanos\/wp-json\/wp\/v2\/categories?post=9697"},{"taxonomy":"post_tag","embeddable":true,"href":"https:\/\/www.ministeriodegobierno.gob.ec\/derechoshumanos\/wp-json\/wp\/v2\/tags?post=9697"}],"curies":[{"name":"wp","href":"https:\/\/api.w.org\/{rel}","templated":true}]}}