{"id":9704,"date":"2021-07-26T16:04:07","date_gmt":"2021-07-26T21:04:07","guid":{"rendered":"https:\/\/www.derechoshumanos.gob.ec\/?p=9704"},"modified":"2021-07-26T16:04:08","modified_gmt":"2021-07-26T21:04:08","slug":"mas-de-350-mujeres-recibieron-atencion-en-los-servicios-de-proteccion-integral-y-la-casa-de-acogida-hogar-de-nazareth-en-guayas","status":"publish","type":"post","link":"https:\/\/www.ministeriodegobierno.gob.ec\/derechoshumanos\/2021\/07\/26\/mas-de-350-mujeres-recibieron-atencion-en-los-servicios-de-proteccion-integral-y-la-casa-de-acogida-hogar-de-nazareth-en-guayas\/","title":{"rendered":"M\u00c1S DE 350 MUJERES RECIBIERON ATENCI\u00d3N EN LOS SERVICIOS DE PROTECCI\u00d3N INTEGRAL Y LA CASA DE ACOGIDA HOGAR DE NAZARETH, EN GUAYAS"},"content":{"rendered":"\n<p class=\"wp-block-paragraph\">La Secretaria de Derechos Humanos, Bernarda Ord\u00f3\u00f1ez\nMoscoso, visit\u00f3 este lunes 26 de julio de 2021, los Servicios de Protecci\u00f3n\nIntegral (SPI) y la Casa de Acogida Hogar de Nazareth, en Guayaquil.<\/p>\n\n\n\n<p class=\"wp-block-paragraph\">En la provincia de Guayas funcionan actualmente los\nSPI de Dur\u00e1n, Centro-Sur y Norte, que atendieron a 381 mujeres sobrevivientes\nde violencia hasta junio de este a\u00f1o.<\/p>\n\n\n\n<p class=\"wp-block-paragraph\">La Secretaria Ord\u00f3\u00f1ez Moscoso se\u00f1al\u00f3 que la\nerradicaci\u00f3n de toda forma de violencia es uno de los objetivos del Gobierno\ndel Encuentro.<\/p>\n\n\n\n<p class=\"wp-block-paragraph\">De esta manera se busca mejorar los canales de\natenci\u00f3n para sobrevivientes de violencia, a trav\u00e9s del proyecto piloto de\nCentro Violeta, que integrar\u00e1 a las 22 instituciones del &nbsp;Sistema Nacional de Prevenci\u00f3n y Erradicaci\u00f3n\nde la Violencia.<\/p>\n\n\n\n<p class=\"wp-block-paragraph\">Desde la Secretar\u00eda de Derechos Humanos se trabaja\nen el Registro \u00danico de Violencia, que permitir\u00e1 identificar cada caso, con\ndatos y georreferenciaci\u00f3n, y realizar una prevenci\u00f3n primaria y secundaria de\nestos delitos.<\/p>\n\n\n\n<p class=\"wp-block-paragraph\">Sigrit Vega, Directora Zonal 8, enfatiz\u00f3 que la\nprevenci\u00f3n es uno de los ejes de trabajo en esta provincia. &nbsp;\u201cCon apoyo de algunas organizaciones se busca\ncapacitar a las sobrevivientes de violencia, con el objetivo de que\nobtengan&nbsp; independencia econ\u00f3mica\u00bb,\nagreg\u00f3.<\/p>\n\n\n\n<p class=\"wp-block-paragraph\">Desde la Direcci\u00f3n Zonal 8, que re\u00fane a Guayaquil,\nDur\u00e1n y Sambord\u00f3n, esta Secretar\u00eda realizar\u00e1 capacitaciones sobre erradicaci\u00f3n\nde violencia con los dirigentes barriales. &nbsp;<\/p>\n\n\n\n<p class=\"wp-block-paragraph\">En su recorrido por la provincia, la Secretar\u00eda\nOrd\u00f3\u00f1ez Moscoso tambi\u00e9n visit\u00f3 la Casa de Acogida Hogar de Nazareth, que\nactualmente recibe a 9 mujeres sobrevivientes de violencia. <\/p>\n\n\n\n<p class=\"wp-block-paragraph\">Mayra Aguilar, coordinadora de la Casa de Acogida\nHogar de Nazareth, agradeci\u00f3 la visita de la Secretaria Ord\u00f3\u00f1ez Moscoso y el\napoyo que actualmente brinda esta instituci\u00f3n&nbsp;\na favor de las sobrevivientes de violencia. <\/p>\n\n\n\n<p class=\"wp-block-paragraph\">Hasta junio de este a\u00f1o, se registraron 8 casos de\nfemicidios en Guayas. <\/p>\n\n\n\n<p class=\"wp-block-paragraph\"><strong>Para mayor informaci\u00f3n: <\/strong><\/p>\n\n\n\n<p class=\"wp-block-paragraph\"><strong>DIRECCI\u00d3N DE COMUNICACI\u00d3N SOCIAL<\/strong><\/p>\n","protected":false},"excerpt":{"rendered":"<p class=\"excerpt\">La Secretaria de Derechos Humanos, Bernarda Ord\u00f3\u00f1ez Moscoso, visit\u00f3 este lunes 26 de julio de 2021, los Servicios de Protecci\u00f3n Integral (SPI) y la Casa de Acogida Hogar de Nazareth, en Guayaquil. En la provincia de Guayas funcionan actualmente los SPI de Dur\u00e1n, Centro-Sur y Norte, que atendieron a 381 mujeres sobrevivientes de violencia hasta junio de este a\u00f1o. La&hellip; <a href=\"https:\/\/www.ministeriodegobierno.gob.ec\/derechoshumanos\/2021\/07\/26\/mas-de-350-mujeres-recibieron-atencion-en-los-servicios-de-proteccion-integral-y-la-casa-de-acogida-hogar-de-nazareth-en-guayas\/\">Read more &rarr;<\/a><\/p>\n","protected":false},"author":8,"featured_media":9701,"comment_status":"closed","ping_status":"closed","sticky":false,"template":"","format":"standard","meta":{"footnotes":""},"categories":[20,5,6],"tags":[],"class_list":["post-9704","post","type-post","status-publish","format-standard","has-post-thumbnail","hentry","category-boletin-de-prensa","category-noticias","category-noticias-destacadas","xfolkentry"],"_links":{"self":[{"href":"https:\/\/www.ministeriodegobierno.gob.ec\/derechoshumanos\/wp-json\/wp\/v2\/posts\/9704","targetHints":{"allow":["GET"]}}],"collection":[{"href":"https:\/\/www.ministeriodegobierno.gob.ec\/derechoshumanos\/wp-json\/wp\/v2\/posts"}],"about":[{"href":"https:\/\/www.ministeriodegobierno.gob.ec\/derechoshumanos\/wp-json\/wp\/v2\/types\/post"}],"author":[{"embeddable":true,"href":"https:\/\/www.ministeriodegobierno.gob.ec\/derechoshumanos\/wp-json\/wp\/v2\/users\/8"}],"replies":[{"embeddable":true,"href":"https:\/\/www.ministeriodegobierno.gob.ec\/derechoshumanos\/wp-json\/wp\/v2\/comments?post=9704"}],"version-history":[{"count":1,"href":"https:\/\/www.ministeriodegobierno.gob.ec\/derechoshumanos\/wp-json\/wp\/v2\/posts\/9704\/revisions"}],"predecessor-version":[{"id":9705,"href":"https:\/\/www.ministeriodegobierno.gob.ec\/derechoshumanos\/wp-json\/wp\/v2\/posts\/9704\/revisions\/9705"}],"wp:featuredmedia":[{"embeddable":true,"href":"https:\/\/www.ministeriodegobierno.gob.ec\/derechoshumanos\/wp-json\/wp\/v2\/media\/9701"}],"wp:attachment":[{"href":"https:\/\/www.ministeriodegobierno.gob.ec\/derechoshumanos\/wp-json\/wp\/v2\/media?parent=9704"}],"wp:term":[{"taxonomy":"category","embeddable":true,"href":"https:\/\/www.ministeriodegobierno.gob.ec\/derechoshumanos\/wp-json\/wp\/v2\/categories?post=9704"},{"taxonomy":"post_tag","embeddable":true,"href":"https:\/\/www.ministeriodegobierno.gob.ec\/derechoshumanos\/wp-json\/wp\/v2\/tags?post=9704"}],"curies":[{"name":"wp","href":"https:\/\/api.w.org\/{rel}","templated":true}]}}