{"id":9706,"date":"2021-07-26T16:54:12","date_gmt":"2021-07-26T21:54:12","guid":{"rendered":"https:\/\/www.derechoshumanos.gob.ec\/?p=9706"},"modified":"2021-07-26T17:21:33","modified_gmt":"2021-07-26T22:21:33","slug":"la-secretaria-de-derechos-humanos-capacita-en-el-sistema-informatico-alexandra-a-los-tecnicos-de-los-servicios-de-proteccion-tengral","status":"publish","type":"post","link":"https:\/\/www.ministeriodegobierno.gob.ec\/derechoshumanos\/2021\/07\/26\/la-secretaria-de-derechos-humanos-capacita-en-el-sistema-informatico-alexandra-a-los-tecnicos-de-los-servicios-de-proteccion-tengral\/","title":{"rendered":"LA SECRETAR\u00cdA DE DERECHOS HUMANOS CAPACITA EN EL SISTEMA INFORM\u00c1TICO \u201cALEXANDRA\u201d A LOS T\u00c9CNICOS DE LOS SERVICIOS DE PROTECCI\u00d3N INTEGRAL"},"content":{"rendered":"\n<p class=\"wp-block-paragraph\">Este lunes 26 de julio, la\nSecretar\u00eda de Derechos Humanos, en coordinaci\u00f3n con la Organizaci\u00f3n\nInternacional para las Migraciones (OIM) y Campusoft, iniciaron el proceso de\ncapacitaci\u00f3n sobre el \u201cSistema Inform\u00e1tico de Atenci\u00f3n Especializada a V\u00edctimas\nde Violencia y Vulneraci\u00f3n de Derechos\u201d. <\/p>\n\n\n\n<p class=\"wp-block-paragraph\">Este sistema se denomina\n\u201cAlexandra\u201d y recuerda el primer caso de femicidio, que fue tipificado en\nEcuador, en 2014. Representa a toda mujer sobreviviente de violencia de g\u00e9nero,\nque rompe silencio y logra restituir sus derechos vulnerados. <\/p>\n\n\n\n<p class=\"wp-block-paragraph\">Esta capacitaci\u00f3n est\u00e1 dirigida\nal personal t\u00e9cnico de los Servicios de Protecci\u00f3n Integral (SPI), as\u00ed como de\nlas Casas de Acogida y Centros de Atenci\u00f3n, que trabajan con las mujeres\nsobrevivientes de violencia.<\/p>\n\n\n\n<p class=\"wp-block-paragraph\">El Sistema de\nInformaci\u00f3n \u201cAlexandra\u201d incluye el registro de atenci\u00f3n a sobrevivientes de\nviolencia y vulneraci\u00f3n de derechos. <\/p>\n\n\n\n<p class=\"wp-block-paragraph\">Adem\u00e1s realiza un\nseguimiento de la gesti\u00f3n (derivaci\u00f3n, transferencia, vinculaci\u00f3n, referencia)\ny atenci\u00f3n especializada de cada caso.<\/p>\n\n\n\n<p class=\"wp-block-paragraph\">Tiene como objetivo realizar una adecuada gesti\u00f3n y\nreporter\u00eda de los casos atendidos por la Secretar\u00eda de Derechos Humanos,\npreservando los principios de confidencialidad, establecidos en la Constituci\u00f3n\ny normativas nacionales e internacionales. <\/p>\n\n\n\n<p class=\"wp-block-paragraph\">Los talleres, que realizan de\nmanera virtual a trav\u00e9s de la Plataforma Zoom, se dictar\u00e1n hasta el 30 de julio\ndel 2021. <\/p>\n\n\n\n<p class=\"wp-block-paragraph\"><strong>Para\nmayor informaci\u00f3n: <\/strong><\/p>\n\n\n\n<p class=\"wp-block-paragraph\"><strong>DIRECCI\u00d3N\nDE COMUNICACI\u00d3N SOCIAL<\/strong><\/p>\n","protected":false},"excerpt":{"rendered":"<p class=\"excerpt\">Este lunes 26 de julio, la Secretar\u00eda de Derechos Humanos, en coordinaci\u00f3n con la Organizaci\u00f3n Internacional para las Migraciones (OIM) y Campusoft, iniciaron el proceso de capacitaci\u00f3n sobre el \u201cSistema Inform\u00e1tico de Atenci\u00f3n Especializada a V\u00edctimas de Violencia y Vulneraci\u00f3n de Derechos\u201d. Este sistema se denomina \u201cAlexandra\u201d y recuerda el primer caso de femicidio, que fue tipificado en Ecuador, en&hellip; <a href=\"https:\/\/www.ministeriodegobierno.gob.ec\/derechoshumanos\/2021\/07\/26\/la-secretaria-de-derechos-humanos-capacita-en-el-sistema-informatico-alexandra-a-los-tecnicos-de-los-servicios-de-proteccion-tengral\/\">Read more &rarr;<\/a><\/p>\n","protected":false},"author":8,"featured_media":9707,"comment_status":"closed","ping_status":"closed","sticky":false,"template":"","format":"standard","meta":{"footnotes":""},"categories":[20,5,6],"tags":[],"class_list":["post-9706","post","type-post","status-publish","format-standard","has-post-thumbnail","hentry","category-boletin-de-prensa","category-noticias","category-noticias-destacadas","xfolkentry"],"_links":{"self":[{"href":"https:\/\/www.ministeriodegobierno.gob.ec\/derechoshumanos\/wp-json\/wp\/v2\/posts\/9706","targetHints":{"allow":["GET"]}}],"collection":[{"href":"https:\/\/www.ministeriodegobierno.gob.ec\/derechoshumanos\/wp-json\/wp\/v2\/posts"}],"about":[{"href":"https:\/\/www.ministeriodegobierno.gob.ec\/derechoshumanos\/wp-json\/wp\/v2\/types\/post"}],"author":[{"embeddable":true,"href":"https:\/\/www.ministeriodegobierno.gob.ec\/derechoshumanos\/wp-json\/wp\/v2\/users\/8"}],"replies":[{"embeddable":true,"href":"https:\/\/www.ministeriodegobierno.gob.ec\/derechoshumanos\/wp-json\/wp\/v2\/comments?post=9706"}],"version-history":[{"count":2,"href":"https:\/\/www.ministeriodegobierno.gob.ec\/derechoshumanos\/wp-json\/wp\/v2\/posts\/9706\/revisions"}],"predecessor-version":[{"id":9710,"href":"https:\/\/www.ministeriodegobierno.gob.ec\/derechoshumanos\/wp-json\/wp\/v2\/posts\/9706\/revisions\/9710"}],"wp:featuredmedia":[{"embeddable":true,"href":"https:\/\/www.ministeriodegobierno.gob.ec\/derechoshumanos\/wp-json\/wp\/v2\/media\/9707"}],"wp:attachment":[{"href":"https:\/\/www.ministeriodegobierno.gob.ec\/derechoshumanos\/wp-json\/wp\/v2\/media?parent=9706"}],"wp:term":[{"taxonomy":"category","embeddable":true,"href":"https:\/\/www.ministeriodegobierno.gob.ec\/derechoshumanos\/wp-json\/wp\/v2\/categories?post=9706"},{"taxonomy":"post_tag","embeddable":true,"href":"https:\/\/www.ministeriodegobierno.gob.ec\/derechoshumanos\/wp-json\/wp\/v2\/tags?post=9706"}],"curies":[{"name":"wp","href":"https:\/\/api.w.org\/{rel}","templated":true}]}}