{"id":9744,"date":"2021-07-27T11:45:28","date_gmt":"2021-07-27T16:45:28","guid":{"rendered":"https:\/\/www.derechoshumanos.gob.ec\/?p=9744"},"modified":"2021-07-27T11:45:28","modified_gmt":"2021-07-27T16:45:28","slug":"la-secretaria-de-derechos-humanos-capacito-a-miembros-de-la-junta-cantonal-de-proteccion-de-derechos-del-canton-olmedo","status":"publish","type":"post","link":"https:\/\/www.ministeriodegobierno.gob.ec\/derechoshumanos\/2021\/07\/27\/la-secretaria-de-derechos-humanos-capacito-a-miembros-de-la-junta-cantonal-de-proteccion-de-derechos-del-canton-olmedo\/","title":{"rendered":"La Secretar\u00eda de Derechos Humanos capacit\u00f3 a miembros de la Junta Cantonal de Protecci\u00f3n de Derechos del cant\u00f3n Olmedo"},"content":{"rendered":"\n<p class=\"wp-block-paragraph\"><\/p>\n\n\n\n<p class=\"wp-block-paragraph\">Los miembros de la Junta Cantonal\nde Protecci\u00f3n de Derechos de Olmedo se capacitaron en \u201cEnfoque y Principio de\nactuaci\u00f3n \/ atenci\u00f3n en casos de violencia\u201d.<\/p>\n\n\n\n<p class=\"wp-block-paragraph\">La Secretar\u00eda de Derechos\nHumanos, a trav\u00e9s del equipo de profesionales en psicolog\u00eda, derecho y trabajo\nsocial del Servicio de Protecci\u00f3n Integral (SPI), realiz\u00f3 una serie de talleres\na quienes brindan atenci\u00f3n a grupos prioritarios. <\/p>\n\n\n\n<p class=\"wp-block-paragraph\">Este tipo de capacitaciones se\ndesarrollan en el marco de un trabajo articulado interinstitucionalmente de\nesta Instituci\u00f3n, como ente rector del Sistema Nacional Integral para Prevenir\ny Erradicar la Violencia contra las&nbsp;\nMujeres y los actores locales, con el objetivo de trabajar por el\nFemicidio Cero. <\/p>\n\n\n\n<p class=\"wp-block-paragraph\">En esta actividad, adem\u00e1s, de\ntener en cuenta las competencias legales y servicios institucionales de la\nSecretar\u00eda de Derechos Humanos, tambi\u00e9n se expuso los protocolos del Sistema de\nProtecci\u00f3n de Derechos a sobrevivientes de violencias.<\/p>\n\n\n\n<p class=\"wp-block-paragraph\">El objetivo es focalizar una\natenci\u00f3n basada en principios y enfoques de atenci\u00f3n y actuaci\u00f3n para tomar en\ncuenta y poner en pr\u00e1ctica en cada atenci\u00f3n brindada.<\/p>\n\n\n\n<p class=\"wp-block-paragraph\">Al respecto, Mar\u00eda Isabel Espinosa Ortega, coordinadora de la Oficina T\u00e9cnica\u00a0 7, manifest\u00f3\u00a0que la Secretar\u00eda de Derechos humanos se compromete en \u201cseguir trabajando de manera articulada con las instituciones y organismos del sistema a nivel desconcentrado, uniendo esfuerzos para encontrarnos por la plena vigencia de los Derechos Humanos\u00bb.<\/p>\n","protected":false},"excerpt":{"rendered":"<p class=\"excerpt\">Los miembros de la Junta Cantonal de Protecci\u00f3n de Derechos de Olmedo se capacitaron en \u201cEnfoque y Principio de actuaci\u00f3n \/ atenci\u00f3n en casos de violencia\u201d. La Secretar\u00eda de Derechos Humanos, a trav\u00e9s del equipo de profesionales en psicolog\u00eda, derecho y trabajo social del Servicio de Protecci\u00f3n Integral (SPI), realiz\u00f3 una serie de talleres a quienes brindan atenci\u00f3n a grupos&hellip; <a href=\"https:\/\/www.ministeriodegobierno.gob.ec\/derechoshumanos\/2021\/07\/27\/la-secretaria-de-derechos-humanos-capacito-a-miembros-de-la-junta-cantonal-de-proteccion-de-derechos-del-canton-olmedo\/\">Read more &rarr;<\/a><\/p>\n","protected":false},"author":6,"featured_media":9745,"comment_status":"closed","ping_status":"closed","sticky":false,"template":"","format":"standard","meta":{"footnotes":""},"categories":[20,5,6],"tags":[],"class_list":["post-9744","post","type-post","status-publish","format-standard","has-post-thumbnail","hentry","category-boletin-de-prensa","category-noticias","category-noticias-destacadas","xfolkentry"],"_links":{"self":[{"href":"https:\/\/www.ministeriodegobierno.gob.ec\/derechoshumanos\/wp-json\/wp\/v2\/posts\/9744","targetHints":{"allow":["GET"]}}],"collection":[{"href":"https:\/\/www.ministeriodegobierno.gob.ec\/derechoshumanos\/wp-json\/wp\/v2\/posts"}],"about":[{"href":"https:\/\/www.ministeriodegobierno.gob.ec\/derechoshumanos\/wp-json\/wp\/v2\/types\/post"}],"author":[{"embeddable":true,"href":"https:\/\/www.ministeriodegobierno.gob.ec\/derechoshumanos\/wp-json\/wp\/v2\/users\/6"}],"replies":[{"embeddable":true,"href":"https:\/\/www.ministeriodegobierno.gob.ec\/derechoshumanos\/wp-json\/wp\/v2\/comments?post=9744"}],"version-history":[{"count":1,"href":"https:\/\/www.ministeriodegobierno.gob.ec\/derechoshumanos\/wp-json\/wp\/v2\/posts\/9744\/revisions"}],"predecessor-version":[{"id":9746,"href":"https:\/\/www.ministeriodegobierno.gob.ec\/derechoshumanos\/wp-json\/wp\/v2\/posts\/9744\/revisions\/9746"}],"wp:featuredmedia":[{"embeddable":true,"href":"https:\/\/www.ministeriodegobierno.gob.ec\/derechoshumanos\/wp-json\/wp\/v2\/media\/9745"}],"wp:attachment":[{"href":"https:\/\/www.ministeriodegobierno.gob.ec\/derechoshumanos\/wp-json\/wp\/v2\/media?parent=9744"}],"wp:term":[{"taxonomy":"category","embeddable":true,"href":"https:\/\/www.ministeriodegobierno.gob.ec\/derechoshumanos\/wp-json\/wp\/v2\/categories?post=9744"},{"taxonomy":"post_tag","embeddable":true,"href":"https:\/\/www.ministeriodegobierno.gob.ec\/derechoshumanos\/wp-json\/wp\/v2\/tags?post=9744"}],"curies":[{"name":"wp","href":"https:\/\/api.w.org\/{rel}","templated":true}]}}